{"id":309886,"date":"2018-08-28T10:33:05","date_gmt":"2018-08-28T08:33:05","guid":{"rendered":"https:\/\/www.focolare.org\/a-70-anos-del-encuentro-entre-chiara-lubich-e-giordani\/"},"modified":"2024-05-15T20:47:46","modified_gmt":"2024-05-15T18:47:46","slug":"a-70-anos-del-encuentro-entre-chiara-lubich-e-giordani","status":"publish","type":"post","link":"https:\/\/www.focolare.org\/es\/a-70-anos-del-encuentro-entre-chiara-lubich-e-giordani\/","title":{"rendered":"A 70 a\u00f1os del encuentro entre Chiara Lubich e Giordani"},"content":{"rendered":"<p><strong><a href=\"https:\/\/www.focolare.org\/wp-content\/uploads\/2018\/08\/Invito-Conv.-Politica-come-vocazione-18.9.2018.jpeg\"><img alt=\"\" alt=\"\" loading=\"lazy\" decoding=\"async\" class=\"alignleft wp-image-170462\" src=\"https:\/\/www.focolare.org\/wp-content\/uploads\/2018\/08\/Invito-Conv.-Politica-come-vocazione-18.9.2018.jpeg\" alt=\"\" width=\"329\" height=\"157\" \/><\/a>LA POL\u00cdTICA COMO VOCACI\u00d3N<\/strong> 70 a\u00f1os despu\u00e9s del encuentro entre Chiara Lubich e Igino Giordani en el Parlamento italiano  Las ra\u00edces de la buena pol\u00edtica se sit\u00faan en las aspiraciones m\u00e1s profundas al bien com\u00fan. Con el encuentro llevado a cabo en la C\u00e1mara de Diputados entre el parlamentario Igino Giordani y la fundadora del Movimiento de los Focolares, Chiara Lubich, se dio inicio a una historia que ha llegado a todas partes del mundo, y que ha impulsado el compromiso civil y pol\u00edtico de hombres y mujeres que creen en la unidad de la familia humana. El encuentro tiene por objeto, adem\u00e1s de conmemorar aquel evento, actualizar su mensaje para volver a proponerlo a la sociedad ante los desaf\u00edos de hoy.  CENTRO CHIARA LUBICH \/ MOVIMIENTO POL\u00cdTICO POR LA UNIDAD \/ MOVIMIENTO DE LOS FOCOLARES (CENTRO IGINO GIORDANI)  Martes 18 de septiembre de 2018 \u2013 Hora: 16:30 Sala del Refectorio \u2013 Palacio San Macuto V\u00eda del Seminario 76, ROMA  <strong>Contacto:<\/strong> <a href=\"http:\/\/www.iginogiordani.info\/it\/\" target=\"_blank\" rel=\"noopener\">Centro Igino Giordani<\/a> e-mail: info@iginogiordani.info<\/p>\n","protected":false},"excerpt":{"rendered":"<p>Organizado por el Movimiento de los Focolares, con el Centro Chiara Lubich, el Centro Igino Giordani y el Movimiento Pol\u00edtico por la Unidad.<br \/>\n(El congreso es con reserva anticipada, a causa de los lugares limitados de la sala).<\/p>\n","protected":false},"author":34,"featured_media":0,"comment_status":"open","ping_status":"open","sticky":false,"template":"","format":"standard","meta":{"give_campaign_id":0,"_seopress_robots_primary_cat":"","_seopress_titles_title":"","_seopress_titles_desc":"","_seopress_robots_index":"","_et_pb_use_builder":"","_et_pb_old_content":"","_et_gb_content_width":"","footnotes":""},"categories":[46],"tags":[],"class_list":["post-309886","post","type-post","status-publish","format-standard","hentry","category-sin-categorizar"],"_links":{"self":[{"href":"https:\/\/www.focolare.org\/es\/wp-json\/wp\/v2\/posts\/309886","targetHints":{"allow":["GET"]}}],"collection":[{"href":"https:\/\/www.focolare.org\/es\/wp-json\/wp\/v2\/posts"}],"about":[{"href":"https:\/\/www.focolare.org\/es\/wp-json\/wp\/v2\/types\/post"}],"author":[{"embeddable":true,"href":"https:\/\/www.focolare.org\/es\/wp-json\/wp\/v2\/users\/34"}],"replies":[{"embeddable":true,"href":"https:\/\/www.focolare.org\/es\/wp-json\/wp\/v2\/comments?post=309886"}],"version-history":[{"count":0,"href":"https:\/\/www.focolare.org\/es\/wp-json\/wp\/v2\/posts\/309886\/revisions"}],"wp:attachment":[{"href":"https:\/\/www.focolare.org\/es\/wp-json\/wp\/v2\/media?parent=309886"}],"wp:term":[{"taxonomy":"category","embeddable":true,"href":"https:\/\/www.focolare.org\/es\/wp-json\/wp\/v2\/categories?post=309886"},{"taxonomy":"post_tag","embeddable":true,"href":"https:\/\/www.focolare.org\/es\/wp-json\/wp\/v2\/tags?post=309886"}],"curies":[{"name":"wp","href":"https:\/\/api.w.org\/{rel}","templated":true}]}}