{"id":309914,"date":"2018-09-07T23:10:28","date_gmt":"2018-09-07T21:10:28","guid":{"rendered":"https:\/\/www.focolare.org\/maria-flor-de-la-humanidad\/"},"modified":"2024-05-15T20:47:50","modified_gmt":"2024-05-15T18:47:50","slug":"maria-flor-de-la-humanidad","status":"publish","type":"post","link":"https:\/\/www.focolare.org\/es\/maria-flor-de-la-humanidad\/","title":{"rendered":"Mar\u00eda, flor de la humanidad"},"content":{"rendered":"<p>\u00abEl Antiguo y el Nuevo Testamento conforman un solo \u00e1rbol. Su florecimiento tuvo lugar en la plenitud de los tiempos. Y la \u00fanica flor fue <a href=\"https:\/\/www.focolare.org\/es\/chiara-lubich\/spiritualita-dellunita\/maria\/\">Mar\u00eda<\/a>. El fruto que dio fue Jes\u00fas. Tambi\u00e9n el \u00e1rbol de la humanidad ha sido creado a imagen de Dios. En la plenitud de los tiempos, al florecer, tuvo lugar la unidad entre Cielo y tierra y el Esp\u00edritu Santo se despos\u00f3 con Mar\u00eda. Teneos por lo tanto una sola flor: Mar\u00eda y un \u00fanico fruto: Jes\u00fas. Pero Mar\u00eda, si bien es una, es la s\u00edntesis de toda la creaci\u00f3n, el \u00e1pice de su belleza, cuando se presenta como esposa a Su Creador [\u2026] Mar\u00eda es la flore florecida en el \u00e1rbol de la humanidad nacido de Dios que cre\u00f3 la primera semilla en Ad\u00e1n. Es hija de Dios su Hijo. Mirando una plantita de geranio, que se abr\u00eda con una flor roja, me preguntaba y le preguntaba. \u00ab\u00bfPor qu\u00e9 floreces en rojo? \u00bfPor qu\u00e9 del verde cambias a rojo?\u00bb \u00a1Me parec\u00eda algo extra\u00f1o! Hoy comprend\u00ed que toda la humanidad florece en Mar\u00eda. Mar\u00eda es la Flor de la humanidad. Ella, la Inmaculada, es la Flor de la Maculada.  La humanidad pecadora florece en Mar\u00eda, \u00a1la toda belleza! Y, como la flor roja agradece a la planta verde que mediante sus ra\u00edces y el abono la hizo florecer, as\u00ed Mar\u00eda es, porque exist\u00edamos nosotros pecadores, que obligamos a Dios a pensar en Mar\u00eda. Nosotros le debemos a Ella la salvaci\u00f3n. Ella nos debe a nosotros su vida\u00bb.  <a href=\"https:\/\/www.focolare.org\/es\/chiara-lubich\/chi-e-chiara\/\">Chiara Lubich<\/a>, <a href=\"https:\/\/www.cittanuova.it\/libri\/9788831151122\/maria-trasparenza-di-dio\/\" target=\"_blank\" rel=\"noopener\">Maria trasparenza di Dio<\/a>, pp. 85-87<\/p>\n","protected":false},"excerpt":{"rendered":"<p>Mar\u00eda es la humanidad realizada, el modelo del ser humano. La plenitud de la humanidad que encontramos en ella, disc\u00edpula, mujer de fe y de esperanza, virgen, esposa, madre, son expresiones que encontramos en un conocido texto de Chiara Lubich.<\/p>\n","protected":false},"author":34,"featured_media":0,"comment_status":"open","ping_status":"open","sticky":false,"template":"","format":"standard","meta":{"give_campaign_id":0,"_seopress_robots_primary_cat":"","_seopress_titles_title":"","_seopress_titles_desc":"","_seopress_robots_index":"","_et_pb_use_builder":"","_et_pb_old_content":"","_et_gb_content_width":"","footnotes":""},"categories":[46],"tags":[],"class_list":["post-309914","post","type-post","status-publish","format-standard","hentry","category-sin-categorizar"],"_links":{"self":[{"href":"https:\/\/www.focolare.org\/es\/wp-json\/wp\/v2\/posts\/309914","targetHints":{"allow":["GET"]}}],"collection":[{"href":"https:\/\/www.focolare.org\/es\/wp-json\/wp\/v2\/posts"}],"about":[{"href":"https:\/\/www.focolare.org\/es\/wp-json\/wp\/v2\/types\/post"}],"author":[{"embeddable":true,"href":"https:\/\/www.focolare.org\/es\/wp-json\/wp\/v2\/users\/34"}],"replies":[{"embeddable":true,"href":"https:\/\/www.focolare.org\/es\/wp-json\/wp\/v2\/comments?post=309914"}],"version-history":[{"count":0,"href":"https:\/\/www.focolare.org\/es\/wp-json\/wp\/v2\/posts\/309914\/revisions"}],"wp:attachment":[{"href":"https:\/\/www.focolare.org\/es\/wp-json\/wp\/v2\/media?parent=309914"}],"wp:term":[{"taxonomy":"category","embeddable":true,"href":"https:\/\/www.focolare.org\/es\/wp-json\/wp\/v2\/categories?post=309914"},{"taxonomy":"post_tag","embeddable":true,"href":"https:\/\/www.focolare.org\/es\/wp-json\/wp\/v2\/tags?post=309914"}],"curies":[{"name":"wp","href":"https:\/\/api.w.org\/{rel}","templated":true}]}}