{"id":309922,"date":"2018-09-11T23:10:19","date_gmt":"2018-09-11T21:10:19","guid":{"rendered":"https:\/\/www.focolare.org\/ano-nuevo-islamico\/"},"modified":"2024-05-15T20:47:52","modified_gmt":"2024-05-15T18:47:52","slug":"ano-nuevo-islamico","status":"publish","type":"post","link":"https:\/\/www.focolare.org\/es\/ano-nuevo-islamico\/","title":{"rendered":"A\u00f1o nuevo isl\u00e1mico"},"content":{"rendered":"<p><strong>Esta vez el a\u00f1o nuevo isl\u00e1mico se celebra el 10 o el 11 de septiembre<\/strong>, dependiendo de los distintos pa\u00edses. Es el primer d\u00eda del primer mes, o muharram (en \u00e1rabe \u0627\u0644\u0645\u062d\u0631\u0645), uno de los cuatro meses sagrados del a\u00f1o. El calendario isl\u00e1mico es un calendario lunar, por lo tanto, el muharram se mueve todos los a\u00f1os, si se compara con el calendario gregoriano. En esta fiesta se celebra la migraci\u00f3n (la Hegira) del Profeta Mahoma de su ciudad natal, la Meca a Yathrib, llamada ulteriormente\u00a0Medina, es decir la ciudad (del Profeta).  En el 10 Muharram, el &#8216;Ashura&#8217;, se recuerda en cambio el martirio del Im\u00e1n Husayn, el sobrino del Profeta, y de otros miembros de su familia, en <em>Kerbala, Iraq. <\/em><em>Por este motivo, los primeros diez d\u00edas de <\/em>muharram<em> son d\u00edas de luto para los chiitas y para una parte de los sunitas. . Otros sunitas consideran esta fecha como un d\u00eda de fiesta, porque as\u00ed se celebraba mientras viv\u00eda el Profeta. Se dice que coincid\u00eda con la Pascua jud\u00eda, y fue cuando el Profeta entr\u00f3 en la Medina. <\/em><\/p>\n","protected":false},"excerpt":{"rendered":"<p>Esta vez el a\u00f1o nuevo isl\u00e1mico se celebra el 10 o el 11 de septiembre, dependiendo de los distintos pa\u00edses. Es el primer d\u00eda del primer mes, o muharram (en \u00e1rabe \u0627\u0644\u0645\u062d\u0631\u0645), uno de los cuatro meses sagrados del a\u00f1o. El calendario isl\u00e1mico es un calendario lunar, por lo tanto, el muharram se mueve todos [&hellip;]<\/p>\n","protected":false},"author":34,"featured_media":0,"comment_status":"open","ping_status":"open","sticky":false,"template":"","format":"standard","meta":{"give_campaign_id":0,"_seopress_robots_primary_cat":"","_seopress_titles_title":"","_seopress_titles_desc":"","_seopress_robots_index":"","_et_pb_use_builder":"","_et_pb_old_content":"","_et_gb_content_width":"","footnotes":""},"categories":[46],"tags":[],"class_list":["post-309922","post","type-post","status-publish","format-standard","hentry","category-sin-categorizar"],"_links":{"self":[{"href":"https:\/\/www.focolare.org\/es\/wp-json\/wp\/v2\/posts\/309922","targetHints":{"allow":["GET"]}}],"collection":[{"href":"https:\/\/www.focolare.org\/es\/wp-json\/wp\/v2\/posts"}],"about":[{"href":"https:\/\/www.focolare.org\/es\/wp-json\/wp\/v2\/types\/post"}],"author":[{"embeddable":true,"href":"https:\/\/www.focolare.org\/es\/wp-json\/wp\/v2\/users\/34"}],"replies":[{"embeddable":true,"href":"https:\/\/www.focolare.org\/es\/wp-json\/wp\/v2\/comments?post=309922"}],"version-history":[{"count":0,"href":"https:\/\/www.focolare.org\/es\/wp-json\/wp\/v2\/posts\/309922\/revisions"}],"wp:attachment":[{"href":"https:\/\/www.focolare.org\/es\/wp-json\/wp\/v2\/media?parent=309922"}],"wp:term":[{"taxonomy":"category","embeddable":true,"href":"https:\/\/www.focolare.org\/es\/wp-json\/wp\/v2\/categories?post=309922"},{"taxonomy":"post_tag","embeddable":true,"href":"https:\/\/www.focolare.org\/es\/wp-json\/wp\/v2\/tags?post=309922"}],"curies":[{"name":"wp","href":"https:\/\/api.w.org\/{rel}","templated":true}]}}