{"id":309980,"date":"2018-10-01T23:10:05","date_gmt":"2018-10-01T21:10:05","guid":{"rendered":"https:\/\/www.focolare.org\/medicina-es-encuentro\/"},"modified":"2024-05-15T20:48:02","modified_gmt":"2024-05-15T18:48:02","slug":"medicina-es-encuentro","status":"publish","type":"post","link":"https:\/\/www.focolare.org\/es\/medicina-es-encuentro\/","title":{"rendered":"Medicina es encuentro"},"content":{"rendered":"<p><strong><a href=\"https:\/\/www.focolare.org\/wp-content\/uploads\/2018\/10\/Congress_HDC.jpg\"><img alt=\"\" alt=\"\" loading=\"lazy\" decoding=\"async\" class=\"alignright wp-image-171616\" src=\"https:\/\/www.focolare.org\/wp-content\/uploads\/2018\/10\/Congress_HDC.jpg\" alt=\"\" width=\"250\" height=\"354\" \/><\/a>\u00ab<\/strong>A\u00f1os atr\u00e1s, la relaci\u00f3n m\u00e9dico-paciente fue definida \u201cuna historia de silencio\u201d, en la convicci\u00f3n de que un buen paciente tiene que seguir las directivas del m\u00e9dico sin hacer objeciones, sin hacer preguntas\u00bb. Flavia Caretta, m\u00e9dica geriatra en el Policl\u00ednico \u00a0\u201cA. Gemelli\u201d de Roma y referente de <a href=\"http:\/\/www.healthdialogueculture.org\/es\/\" target=\"_blank\" rel=\"noopener\">\u00a0Health Dialogue Culture,<\/a> est\u00e1 entre los organizadores del \u00faltimo congreso realizado por la red internacional en Caruaru, en el Estado de Pernambuco, cuyo t\u00edtulo era: \u201cDi\u00e1logo Interdisciplinario en la Construcci\u00f3n de la Salud Integral\u201d (23-25 de agosto).  <strong>HDC mantiene relacionados entre s\u00ed a profesionales del \u00e1rea bio-m\u00e9dica que, inspir\u00e1ndose en <a href=\"https:\/\/www.focolare.org\/es\/chiara-lubich\/spiritualita-dellunita\/\">la espiritualidad de la unidad<\/a> de \u00a0Chiara Lubich, han promovido una reflexi\u00f3n y una compartici\u00f3n de pr\u00e1cticas sobre el tema del cuidado del enfermo<\/strong>, considerado en la globalidad de sus dimensiones. Casi 400 profesionales estaban presentes en el Congreso, provenientes de todas partes de Brasil. \u00a0\u00abLa insatisfacci\u00f3n del paciente por la \u201cmala\u201d comunicaci\u00f3n \u2013 observa \u00a0Caretta \u2013 es superior a cualquier otra insatisfacci\u00f3n en el \u00e1mbito las competencias t\u00e9cnicas.\u00a0 La cultura tecnol\u00f3gica ha especializado los distintos conocimientos, pero a menudo ha \u201cfragmentado\u201d la identidad del paciente y las relaciones interpersonales entre quien atiende y quien es atendido.\u00a0 El riesgo puede ser el de perder, o no adquirir nunca, la capacidad de mirar al enfermo en su conjunto [\u2026] Cada pregunta sobre el tratamiento contiene una exigencia de relaci\u00f3n.\u00a0 Ignorar esa dimensi\u00f3n significa reducir la medicina a la aplicaci\u00f3n de una t\u00e9cnica, a una prestaci\u00f3n de servicios, mientras que en primer lugar es el encuentro con una persona\u00bb.  <a href=\"https:\/\/www.focolare.org\/wp-content\/uploads\/2018\/10\/Congress_HDC_01.jpg\"><img alt=\"\" alt=\"\" loading=\"lazy\" decoding=\"async\" class=\"wp-image-171618 alignleft\" src=\"https:\/\/www.focolare.org\/wp-content\/uploads\/2018\/10\/Congress_HDC_01.jpg\" alt=\"\" width=\"360\" height=\"270\" \/><\/a>\u00ab<strong>La calidad del coloquio cl\u00ednico no depende s\u00f3lo de la aplicaci\u00f3n de conocimientos cient\u00edficos o de las \u201chabilidades\u201d comunicativas del operador, sino tambi\u00e9n de su capacidad de \u201centrar\u201d en lo que el paciente est\u00e1 viviendo<\/strong>. El proceso asistencial no puede ser considerado un protocolo que hay que descomponer en procedimientos, pues \u00a0all\u00ed est\u00e1 impl\u00edcita una dimensi\u00f3n humana imprevisible, a la que no puede aplicarse un standard, y que debe ser jugada dentro de una <strong>relaci\u00f3n personal<\/strong>, en reciprocidad. Ning\u00fan aspecto del tratamiento tendr\u00eda el mismo efecto si no se entra en relaci\u00f3n con el otro. [\u2026] Entre las nuevas tendencias en medicina, adem\u00e1s de la comunicaci\u00f3n y de la personalizaci\u00f3n de los tratamientos, se le est\u00e1 dando relieve a los estilos de vida, al rol que revisten la comunidad y la sociedad para la salud, y en particular en la dimensi\u00f3n espiritual\u00bb.  \u00abQuisiera ofrecer algunas modalidades experimentadas y compartidas por muchos profesionales de varias competencias, proveniencias geogr\u00e1ficas y culturales, que inspiran su vida, \u00a0y por lo tanto tambi\u00e9n su profesi\u00f3n, \u00a0en los valores \u00ednsitos en la espiritualidad del Movimiento de los Focolares. \u00a0[\u2026] En la relaci\u00f3n con el paciente se demostraron eficaces algunas estrategias, como la escucha, que requiere dejar de lado preocupaciones, juicios, interpretaciones apresuradas, para dejar lugar a lo que el otro quiere comunicar, con palabras, miradas, silencios.\u00a0 <strong>El silencio tambi\u00e9n es comunicaci\u00f3n, a veces m\u00e1s elocuente de lo que pueda captarse en un di\u00e1logo. <\/strong>\u00a0M\u00e1s a\u00fan, el compromiso de lograr entrar en el \u00a0<strong>momento presente<\/strong> libera de la prisa y de los condicionamientos que podr\u00edan ofuscar la decisi\u00f3n que se debe tomar\u00bb.  <a href=\"https:\/\/www.focolare.org\/wp-content\/uploads\/2018\/10\/Congress_HDC_03.jpg\"><img alt=\"\" alt=\"\" loading=\"lazy\" decoding=\"async\" class=\"alignright wp-image-171619\" src=\"https:\/\/www.focolare.org\/wp-content\/uploads\/2018\/10\/Congress_HDC_03.jpg\" alt=\"\" width=\"360\" height=\"270\" \/><\/a>La coherencia entre los valores espirituales y su puesta en pr\u00e1ctica en la profesi\u00f3n, destac\u00f3 \u00a0Caretta, \u00abno se refiere s\u00f3lo a la relaci\u00f3n con los pacientes. \u00a0<strong>Es cada vez m\u00e1s imprescindible interactuar de manera muy estrecha con varias competencias.\u00a0 <\/strong>Las revistas cient\u00edficas, sobre todo en los \u00faltimos a\u00f1os, en la perspectiva de mejorar la organizaci\u00f3n de los servicios y la calidad de la asistencia, subrayan cada vez m\u00e1s la necesidad del <em>team<\/em> del tratamiento, el trabajo en equipo, las m\u00faltiples disciplinas coordinadas. [\u2026] Recuerdo una expresi\u00f3n de \u00a0Vaclav Havel, poeta y primer presidente de la Rep\u00fablica Checa: \u00a0\u201cLa esperanza no es creer que las cosas cambiar\u00e1n. Esperar es que t\u00fa puedes marcar una diferencia\u201d. La reciprocidad puede transformar todo componente del mundo de la salud, operador o paciente, todo componente del mundo acad\u00e9mico, estudiante o docente, en un protagonista del cambio\u00bb.  &nbsp;  <strong>Para contactarse<\/strong>, noticias y profundizaci\u00f3n: <a href=\"http:\/\/www.healthdialogueculture.org\/es\/\" target=\"_blank\" rel=\"noopener\">www.healthdialogueculture.org<\/a><\/p>\n","protected":false},"excerpt":{"rendered":"<p>Entre las nuevas tendencias de la medicina, se le da un rol cada vez m\u00e1s determinante a la comunicaci\u00f3n. Flavia Caretta, m\u00e9dica geriatra, intervino sobre este tema en el reciente encuentro de Caruaru, Brasil, organizado por la red internacional Health Dialogue Culture.<\/p>\n","protected":false},"author":34,"featured_media":0,"comment_status":"open","ping_status":"open","sticky":false,"template":"","format":"standard","meta":{"give_campaign_id":0,"_seopress_robots_primary_cat":"","_seopress_titles_title":"","_seopress_titles_desc":"","_seopress_robots_index":"","_et_pb_use_builder":"","_et_pb_old_content":"","_et_gb_content_width":"","footnotes":""},"categories":[904],"tags":[],"class_list":["post-309980","post","type-post","status-publish","format-standard","hentry","category-focolare-worldwide-2-2"],"_links":{"self":[{"href":"https:\/\/www.focolare.org\/es\/wp-json\/wp\/v2\/posts\/309980","targetHints":{"allow":["GET"]}}],"collection":[{"href":"https:\/\/www.focolare.org\/es\/wp-json\/wp\/v2\/posts"}],"about":[{"href":"https:\/\/www.focolare.org\/es\/wp-json\/wp\/v2\/types\/post"}],"author":[{"embeddable":true,"href":"https:\/\/www.focolare.org\/es\/wp-json\/wp\/v2\/users\/34"}],"replies":[{"embeddable":true,"href":"https:\/\/www.focolare.org\/es\/wp-json\/wp\/v2\/comments?post=309980"}],"version-history":[{"count":0,"href":"https:\/\/www.focolare.org\/es\/wp-json\/wp\/v2\/posts\/309980\/revisions"}],"wp:attachment":[{"href":"https:\/\/www.focolare.org\/es\/wp-json\/wp\/v2\/media?parent=309980"}],"wp:term":[{"taxonomy":"category","embeddable":true,"href":"https:\/\/www.focolare.org\/es\/wp-json\/wp\/v2\/categories?post=309980"},{"taxonomy":"post_tag","embeddable":true,"href":"https:\/\/www.focolare.org\/es\/wp-json\/wp\/v2\/tags?post=309980"}],"curies":[{"name":"wp","href":"https:\/\/api.w.org\/{rel}","templated":true}]}}