{"id":309994,"date":"2018-10-08T23:10:58","date_gmt":"2018-10-08T21:10:58","guid":{"rendered":"https:\/\/www.focolare.org\/congreso-iglesia-y-compositores\/"},"modified":"2024-05-15T20:48:04","modified_gmt":"2024-05-15T18:48:04","slug":"congreso-iglesia-y-compositores","status":"publish","type":"post","link":"https:\/\/www.focolare.org\/es\/congreso-iglesia-y-compositores\/","title":{"rendered":"Congreso Iglesia y compositores"},"content":{"rendered":"<p><a href=\"http:\/\/www.theologia.va\/content\/cultura\/es\/eventi\/major\/compos.html\"><img alt=\"\" alt=\"\" loading=\"lazy\" decoding=\"async\" class=\"alignleft wp-image-171840\" src=\"https:\/\/www.focolare.org\/wp-content\/uploads\/2018\/10\/ChurchComposers.jpg\" alt=\"\" width=\"180\" height=\"380\" \/><\/a>\u00abSe siente la urgencia de la evangelizaci\u00f3n y se comprende que la m\u00fasica puede tener un gran impacto\u00bb, afirma Nancy Uelmen, compositora y cantante del <a href=\"http:\/\/www.genverde.it\/\" target=\"_blank\" rel=\"noopener\">Gen Verde International Performing Arts Group,<\/a> participante en el congreso en representaci\u00f3n del grupo musical del Movimiento de los Focolares.  El congreso de tres d\u00edas fue promovido por el <a href=\"http:\/\/www.theologia.va\/content\/cultura\/it.html\">Consejo Pontificio para la Cultura<\/a> y guiado por el Cardenal Gianfranco Ravasi. Ten\u00eda como t\u00edtulo \u201cIglesia y compositores: Palabra y Sonidos\u201d.  <strong>Adem\u00e1s de los varios relatores, estaban presentes alrededor de 110 inscritos<\/strong> en representaci\u00f3n de distintas conferencias episcopales e institutos acad\u00e9micos de muchos pa\u00edses, entre los cuales algunos compositores.  La reflexi\u00f3n tuvo inicio con el tema <strong>\u201cM\u00fasica y Palabra\u201d<\/strong>, que puso el acento en cuestiones de la memoria, a inteligibilidad y el significado; despu\u00e9s <strong>\u201cM\u00fasica y Evangelio\u201d,<\/strong> que permiti\u00f3 presentar algunas experiencias de vida personales y comunitarias y el impacto de los distintos estilos musicales y de composici\u00f3n; y finalmente <strong>\u201cM\u00fasica e Instrumentos\u201d,<\/strong> que tuvo un car\u00e1cter m\u00e1s t\u00e9cnico y centrado en los distintos sonidos, culminando con la voz humana.  <strong>\u00abTambi\u00e9n se habl\u00f3 de la gran necesidad que hay de evangelizar con la m\u00fasica, fuera del \u00e1mbito lit\u00fargico\u00bb, record\u00f3 Uelmen.<\/strong> \u201cEs la hora del coraje expresivo\u201d, dec\u00eda el compositor Mons. Marco Frisina, director del Coro de la Di\u00f3cesis de Roma.  <div id=\"attachment_171834\" style=\"width: 330px\" class=\"wp-caption alignright\"><a href=\"https:\/\/www.focolare.org\/wp-content\/uploads\/2018\/10\/20181009-01.jpg\"><img alt=\"\" alt=\"\" loading=\"lazy\" decoding=\"async\" aria-describedby=\"caption-attachment-171834\" class=\"wp-image-171834\" src=\"https:\/\/www.focolare.org\/wp-content\/uploads\/2018\/10\/20181009-01.jpg\" alt=\"\" width=\"320\" height=\"213\" \/><\/a><p id=\"caption-attachment-171834\" class=\"wp-caption-text\">Photo credit: Pontifical Council for Culture<\/p><\/div>  \u00abA m\u00ed \u2013 cuenta Nancy \u2013 me confiaron un taller el segundo d\u00eda con el t\u00edtulo <strong>\u201cEspiritualidad y Composici\u00f3n en la Nueva Evangelizaci\u00f3n\u201d.<\/strong> Quise presentar una mirada sobre la situaci\u00f3n de los j\u00f3venes de hoy y el llamado que sentimos a \u201csalir a las periferias\u201d a trav\u00e9s de nuestro proyecto \u201cStart Now\u201d, para llegar especialmente a los menos favorecidos. Tambi\u00e9n present\u00e9 algunos puntos de como la <a href=\"https:\/\/www.focolare.org\/chiara-lubich\/spiritualita-dellunita\/\">espiritualidad de la unidad<\/a> me (nos) ayuda a <strong>pasar del Yo al Nosotros en el proceso de composici\u00f3n<\/strong>, ilustrando este proceso a trav\u00e9s de algunas de nuestras piezas m\u00e1s recientes\u00bb.  <strong>\u00abEn la tarde \u2013 es siempre Nancy Uelmen quien habla \u2013 hab\u00eda un espacio dedicado a los Movimientos eclesiales<\/strong>, con una mesa redonda abierta a todos los participantes en el congreso. \u00c9ramos tres relatores: <strong>Luciana Leone, de la Renovaci\u00f3n Carism\u00e1tica<\/strong>, el compositor <strong>Pippo Molino de Comuni\u00f3n y Liberaci\u00f3n<\/strong> y yo, representando a los Focolares. Pudimos hablar de nuestros enfoques y perspectivas sobre la vida musical de la Iglesia; la lit\u00fargica, pero tambi\u00e9n en otros campos. Yo hice una breve intervenci\u00f3n sobre el papel de la m\u00fasica en el Movimiento, y despu\u00e9s <strong>cont\u00e9 m\u00e1s detalladamente la experiencia que llevamos adelante como Gen Verde, haciendo m\u00fasica para y con los j\u00f3venes\u00bb.<\/strong>  <div id=\"attachment_171835\" style=\"width: 330px\" class=\"wp-caption alignleft\"><a href=\"https:\/\/www.focolare.org\/wp-content\/uploads\/2018\/10\/20181009-02.jpg\"><img alt=\"\" alt=\"\" loading=\"lazy\" decoding=\"async\" aria-describedby=\"caption-attachment-171835\" class=\"wp-image-171835\" src=\"https:\/\/www.focolare.org\/wp-content\/uploads\/2018\/10\/20181009-02.jpg\" alt=\"\" width=\"320\" height=\"213\" \/><\/a><p id=\"caption-attachment-171835\" class=\"wp-caption-text\">Photo credit: Pontifical Council for Culture<\/p><\/div>  <strong>\u00abAdem\u00e1s de las importantes exposiciones de personalidades de la m\u00fasica en la Iglesia,<\/strong> hubo muchas posibilidades de intercambio y di\u00e1logo con varios participantes. Especialmente con los representantes de los Movimientos y Asociaciones, con los cuales compartimos el deseo de colaborar entre nosotros. De hecho, se advert\u00eda la necesidad de \u201csalir\u201d juntos hacia quienes no se acercan a la iglesia, a trav\u00e9s de la m\u00fasica, creemos que se puede hacer mucho\u00bb.  <strong>El congreso se concluy\u00f3 en As\u00eds con un Concierto en la Bas\u00edlica superior,<\/strong> en el contexto del<strong> Premio \u00abFrancesco Siciliani\u00bb,<\/strong> que es un concurso internacional para una composici\u00f3n de m\u00fasica sagrada, instituido por el <strong><em>St. Jacob\u2019s Chamber Choir<\/em>,<\/strong> de Estocolmo, dirigido por <strong>Gary Granden.<\/strong>  Mira el <a href=\"http:\/\/www.theologia.va\/content\/cultura\/es\/eventi\/major\/compos.html\">programa<\/a><\/p>\n","protected":false},"excerpt":{"rendered":"<p>\u00bfCu\u00e1l es el lugar hoy d\u00eda del compositor en la vida musical de la Iglesia? Un grupo de biblistas, liturgistas, educadores, te\u00f3logos y m\u00fasicos trataron de responder a esta pregunta en el congreso que tuvo lugar en Roma del 13 al 15 de septiembre. El relato de Nancy Uelmen del Gen Verde International Performing Arts Group.<\/p>\n","protected":false},"author":34,"featured_media":0,"comment_status":"open","ping_status":"open","sticky":false,"template":"","format":"standard","meta":{"give_campaign_id":0,"_seopress_robots_primary_cat":"","_seopress_titles_title":"","_seopress_titles_desc":"","_seopress_robots_index":"","_et_pb_use_builder":"","_et_pb_old_content":"","_et_gb_content_width":"","footnotes":""},"categories":[904],"tags":[],"class_list":["post-309994","post","type-post","status-publish","format-standard","hentry","category-focolare-worldwide-2-2"],"_links":{"self":[{"href":"https:\/\/www.focolare.org\/es\/wp-json\/wp\/v2\/posts\/309994","targetHints":{"allow":["GET"]}}],"collection":[{"href":"https:\/\/www.focolare.org\/es\/wp-json\/wp\/v2\/posts"}],"about":[{"href":"https:\/\/www.focolare.org\/es\/wp-json\/wp\/v2\/types\/post"}],"author":[{"embeddable":true,"href":"https:\/\/www.focolare.org\/es\/wp-json\/wp\/v2\/users\/34"}],"replies":[{"embeddable":true,"href":"https:\/\/www.focolare.org\/es\/wp-json\/wp\/v2\/comments?post=309994"}],"version-history":[{"count":0,"href":"https:\/\/www.focolare.org\/es\/wp-json\/wp\/v2\/posts\/309994\/revisions"}],"wp:attachment":[{"href":"https:\/\/www.focolare.org\/es\/wp-json\/wp\/v2\/media?parent=309994"}],"wp:term":[{"taxonomy":"category","embeddable":true,"href":"https:\/\/www.focolare.org\/es\/wp-json\/wp\/v2\/categories?post=309994"},{"taxonomy":"post_tag","embeddable":true,"href":"https:\/\/www.focolare.org\/es\/wp-json\/wp\/v2\/tags?post=309994"}],"curies":[{"name":"wp","href":"https:\/\/api.w.org\/{rel}","templated":true}]}}