{"id":310064,"date":"2018-11-07T01:10:52","date_gmt":"2018-11-07T00:10:52","guid":{"rendered":"https:\/\/www.focolare.org\/evangelio-vivido-estoy-aqui-en-la-puerta-y-golpeo\/"},"modified":"2024-05-15T20:48:18","modified_gmt":"2024-05-15T18:48:18","slug":"evangelio-vivido-estoy-aqui-en-la-puerta-y-golpeo","status":"publish","type":"post","link":"https:\/\/www.focolare.org\/es\/evangelio-vivido-estoy-aqui-en-la-puerta-y-golpeo\/","title":{"rendered":"Evangelio vivido: \u201cEstoy aqu\u00ed, en la puerta y golpeo\u201d"},"content":{"rendered":"<p><strong>Una comunidad educativa<\/strong> Soy la directora de una escuela de un pueblo pobre y aislado, con un alt\u00edsimo porcentaje de desocupaci\u00f3n y deserci\u00f3n escolar. Construyendo relaciones profundas con los alumnos, con sus familias, los colegas y los educadores, he sentido la alegr\u00eda de ver nacer una \u201ccomunidad educativa\u201d caracterizada por la promoci\u00f3n de la dignidad de la persona y de la apertura a los dem\u00e1s. Para ayudar a los j\u00f3venes para que no abandonen la escuela, adem\u00e1s de la \u201cadopci\u00f3n\u201d de alumnos y de sus familias, abrimos un Centro dedicado a la producci\u00f3n de artesan\u00edas. Este proyecto recibi\u00f3 tambi\u00e9n un reconocimiento de la presidencia. Desde hace alg\u00fan tiempo debo limitar mi actividad por una enfermedad, pero mientras tenga vida luchar\u00e9 para que la educaci\u00f3n ayude a descubrir el valor de s\u00ed mismos y el amor de Dios. (I. <a href=\"https:\/\/www.focolare.org\/es\/focolares-en-el-mundo\/america-sud\/argentina\/\">Argentina<\/a>)  <strong>Acoger el dolor de los dem\u00e1s<\/strong> El golpe que la familia recibi\u00f3, despu\u00e9s del suicidio de mi hermano, fue muy fuerte. La vida no era m\u00e1s la misma. Comenc\u00e9 a tener dudas de fe. Mis d\u00edas eran cada vez m\u00e1s vac\u00edos. Un d\u00eda me di cuenta de que con mi actitud no ayudaba a mis padres. Entonces hice acopio de fuerzas para acoger su dolor y hacer de forma que sintamos menos el peso de la tragedia. De este modo, lentamente, sent\u00ed que mis heridas se iban sanando. Fue una conquista que me ayuda ahora que me he convertido en mam\u00e1. (O.M. \u2013 <a href=\"https:\/\/www.focolare.org\/es\/focolares-en-el-mundo\/europa\/alemania\/\">Alemania<\/a>)  <strong>Le di espacio a los dem\u00e1s<\/strong>  A los 24 a\u00f1os me cas\u00e9 con Marcello, con quien me un\u00eda un profundo entendimiento y el proyecto de formar una linda familia, en un camino de fe. Quince a\u00f1os despu\u00e9s, por causa de un accidente, Marcello falleci\u00f3. Durante seis a\u00f1os qued\u00e9 encerrada en m\u00ed pregunt\u00e1ndome \u201c\u00bfpor qu\u00e9?\u201d, hasta que acept\u00e9 la invitaci\u00f3n de asistir a un Congreso. Sentir hablar de Dios Amor me desconcert\u00f3. Poco a poco, algo comenz\u00f3 a cambiar dentro de m\u00ed. \u00a0Cuando escuch\u00e9 que, por amor nuestro, Jes\u00fas en la cruz sufri\u00f3 la prueba de sentirse abandonado por el Padre, tambi\u00e9n mi grito comenz\u00f3 a tomar sentido. Mi situaci\u00f3n no hab\u00eda cambiado. Segu\u00eda siendo viuda, pero dentro de m\u00ed comenc\u00e9 a amar. Mirando a mi alrededor, encontr\u00e9 a muchas personas que sent\u00edan tambi\u00e9n ellas un gran vac\u00edo. Cuanto m\u00e1s espacio les hac\u00eda, tanto m\u00e1s Dios me colmaba de paz. (A. \u2013 <a href=\"https:\/\/www.focolare.org\/es\/focolares-en-el-mundo\/europa\/italia\/\">Italia<\/a>)  <strong>Para el que entra despu\u00e9s que yo<\/strong> Soy docente. Al finalizar la clase, trato de dejar el aula acogedora para el que entra despu\u00e9s: dejo la c\u00e1tedra en orden, el pizarr\u00f3n limpio, las ventanas abiertas para que el aire cambie. Tenemos dos canastos, uno para los papeles y otro para lo dem\u00e1s. A veces, si los encuentro en desorden, me ocupo de clasificar los desechos y colocarlos en el canasto correcto. Si por hacer esto, pierdo algunos minutos de descanso, que me resultar\u00edan \u00fatiles para recuperar energ\u00edas, creo, sin embargo, que es un tiempo bien \u201cperdido\u201d. (A. \u2013 <a href=\"https:\/\/www.focolare.org\/es\/focolares-en-el-mundo\/europa\/suiza\/\">Suiza<\/a>)  <strong>Antes que nada el di\u00e1logo<\/strong> Durante el per\u00edodo de la adolescencia de nuestros hijos, comenzaron las primeras desavenencias con ellos. Tambi\u00e9n hab\u00eda tensiones entre mi marido y yo pues ten\u00edamos modos distintos de enfrentar las situaciones. Cuando nos dimos cuenta de que est\u00e1bamos perdiendo la relaci\u00f3n con\u00a0 los hijos, en particular con uno de ellos, comprendimos que lo mejor era ir m\u00e1s all\u00e1 de las propias ideas, y ponerse primero que nada a amar, buscando un di\u00e1logo constructivo entre nosotros y con ellos. Ahora son adultos, pero somos conscientes de que nuestra funci\u00f3n educativa, no termin\u00f3. Al contrario. (Mariolina \u2013 <a href=\"https:\/\/www.focolare.org\/es\/focolares-en-el-mundo\/europa\/italia\/\">Italia<\/a>)<\/p>\n","protected":false},"excerpt":{"rendered":"<p>La Palabra de Dios invita a que seamos acogedores con los hermanos.<\/p>\n","protected":false},"author":34,"featured_media":0,"comment_status":"open","ping_status":"open","sticky":false,"template":"","format":"standard","meta":{"give_campaign_id":0,"_seopress_robots_primary_cat":"","_seopress_titles_title":"","_seopress_titles_desc":"","_seopress_robots_index":"","_et_pb_use_builder":"","_et_pb_old_content":"","_et_gb_content_width":"","footnotes":""},"categories":[46],"tags":[],"class_list":["post-310064","post","type-post","status-publish","format-standard","hentry","category-sin-categorizar"],"_links":{"self":[{"href":"https:\/\/www.focolare.org\/es\/wp-json\/wp\/v2\/posts\/310064","targetHints":{"allow":["GET"]}}],"collection":[{"href":"https:\/\/www.focolare.org\/es\/wp-json\/wp\/v2\/posts"}],"about":[{"href":"https:\/\/www.focolare.org\/es\/wp-json\/wp\/v2\/types\/post"}],"author":[{"embeddable":true,"href":"https:\/\/www.focolare.org\/es\/wp-json\/wp\/v2\/users\/34"}],"replies":[{"embeddable":true,"href":"https:\/\/www.focolare.org\/es\/wp-json\/wp\/v2\/comments?post=310064"}],"version-history":[{"count":0,"href":"https:\/\/www.focolare.org\/es\/wp-json\/wp\/v2\/posts\/310064\/revisions"}],"wp:attachment":[{"href":"https:\/\/www.focolare.org\/es\/wp-json\/wp\/v2\/media?parent=310064"}],"wp:term":[{"taxonomy":"category","embeddable":true,"href":"https:\/\/www.focolare.org\/es\/wp-json\/wp\/v2\/categories?post=310064"},{"taxonomy":"post_tag","embeddable":true,"href":"https:\/\/www.focolare.org\/es\/wp-json\/wp\/v2\/tags?post=310064"}],"curies":[{"name":"wp","href":"https:\/\/api.w.org\/{rel}","templated":true}]}}