{"id":310084,"date":"2018-11-13T01:10:22","date_gmt":"2018-11-13T00:10:22","guid":{"rendered":"https:\/\/www.focolare.org\/junto-a-los-nativos-de-norteamerica\/"},"modified":"2024-05-15T20:48:22","modified_gmt":"2024-05-15T18:48:22","slug":"junto-a-los-nativos-de-norteamerica","status":"publish","type":"post","link":"https:\/\/www.focolare.org\/es\/junto-a-los-nativos-de-norteamerica\/","title":{"rendered":"Junto a los nativos de Norteam\u00e9rica"},"content":{"rendered":"<p><img alt=\"\" alt=\"\" loading=\"lazy\" decoding=\"async\" class=\"wp-image-173352 alignleft\" src=\"https:\/\/www.focolare.org\/wp-content\/uploads\/2018\/11\/Whati_Canada_03.jpg\" alt=\"\" width=\"360\" height=\"270\" \/>Es un lago tan l\u00edmpido, con su fondo bien visible, que se puede beber de \u00e9l con las manos en forma de cuenco, directamente desde la canoa. Parece un mundo perfecto. Sin embargo, se ven, esparcidas, algunas botellas de pl\u00e1stico que est\u00e1n varadas en la orilla, atrapadas por las ramas bajas de los \u00e1rboles. Da\u00f1a la vista, en un paisaje de extraordinaria belleza. <strong>La narraci\u00f3n de Alek<\/strong>, uno de los cuatro que hicieron la experiencia <strong>de un \u201cfocolar temporal\u201d en What\u00ed, <a href=\"https:\/\/www.focolare.org\/es\/focolares-en-el-mundo\/america-nord-e-centrale\/canada\/\">Canad\u00e1<\/a><\/strong>, del 19 de julio al 20 de agosto pasado, es rica de im\u00e1genes como \u00e9sa. \u00ab<strong>Estamos hablando del gran Norte, casi en el c\u00edrculo polar \u00e1rtico. Es una peque\u00f1a ciudad de 800 habitantes<\/strong>.  Pero parec\u00edan menos, porque hab\u00eda concluido hac\u00eda poco la reuni\u00f3n <strong>del pueblo Tlicho (T\u0142\u0131\u0328ch\u01eb en la lengua original)<\/strong>, y por ese motivo muchos de los habitantes se hab\u00edan marchado para hacer un per\u00edodo de vacaciones. <strong>Los Tlicho pertenecen a los Nativos de Norteam\u00e9rica (las \u201cFirst Nations\u201d, como se los llama en Canad\u00e1) y est\u00e1n desparramados por toda la Am\u00e9rica del Norte<\/strong>. Forman parte de los Dene, <strong>\u201cAsociaci\u00f3n de Ind\u00edgenas de los Territorios del Noroeste\u201d<\/strong>, y viven en un territorio llamado Tlicho Land, constitudo por cuatro ciudades, con una poblaci\u00f3n global de casi 2.000 habitantes.  <strong><img alt=\"\" alt=\"\" loading=\"lazy\" decoding=\"async\" class=\"alignright wp-image-173358\" src=\"https:\/\/www.focolare.org\/wp-content\/uploads\/2018\/11\/Whati_Canada_02b.jpg\" alt=\"\" width=\"360\" height=\"230\" \/>What\u00ed, en la lengua original Wha Ti, es una de esas ciudades<\/strong>, y est\u00e1 frente al bell\u00edsimo lago La Martre, que en el punto de mayor extensi\u00f3n mide unos 70 km\u00bb. <strong>Con un grupo de chicos, Alek y el Padre Alain organizaron la limpieza de una parte de sus orillas<\/strong>: \u00abComo acci\u00f3n demostrativa. Pero despu\u00e9s supimos que un habitante del lugar sensibiliz\u00f3 al jefe de la aldea, para que la acci\u00f3n de limpieza se vuelva estable, a lo largo de todo el a\u00f1o\u00bb. Esto tambi\u00e9n fue un fruto de la experiencia del \u201cfocolar temporal\u201d en What\u00ed. <strong>El grupo, adem\u00e1s de Alek (italiano, pero transfiri\u00e9ndose a Birmingham, Alabama) y el Padre Alain, de Montreal, estaba constituido tambi\u00e9n por Lioba, coreana, del focolar de Vancouver, y Ljubica, del focolar de Toronto<\/strong>. El motivo del viaje fue que el obispo de Yellowknife, capital de los Territorios del Noroeste, hab\u00eda pedido que fueran all\u00ed (pagando tambi\u00e9n los gastos) algunas personas de la comunidad de los Focolares para darles a los habitantes, por lo menos un mes en el a\u00f1o, la posibilidad de <strong>una cercan\u00eda espiritual y una formaci\u00f3n a la vida del Evangelio<\/strong>. Al mismo tiempo, para realizar una experiencia an\u00e1loga, <strong>otro grupo se dirigi\u00f3 a la aldea Fort Resolution<\/strong>.  <a href=\"https:\/\/www.focolare.org\/wp-content\/uploads\/2018\/11\/Whati_Canada_01.png\"><img alt=\"\" alt=\"\" loading=\"lazy\" decoding=\"async\" class=\"wp-image-173350 alignleft\" src=\"https:\/\/www.focolare.org\/wp-content\/uploads\/2018\/11\/Whati_Canada_01.png\" alt=\"\" width=\"360\" height=\"179\" \/><\/a>\u00abLos primeros d\u00edas estuvimos en Yellowknife, llegando cada uno de nuestras ciudades, tras muchas aventuras en el viaje a causa del mal tiempo. Tuvimos la posibilidad de conocernos entre nosotros y recibir la bendici\u00f3n del obispo. Una vez llegados a What\u00ed, nos quedamos all\u00ed unas cuatro semanas, para renovar las relaciones ya construidas el a\u00f1o anterior con ocasi\u00f3n de otra experiencia similar, <strong>conocer a las autoridades locales y colaborar en algunas iniciativas del gobierno de la tribu<\/strong>. La segunda semana<strong> organizamos un \u201cBible Camp\u201d para los ni\u00f1os<\/strong>, y la tercera, acogiendo el pedido de los responsables del lugar, fuimos a visitar a algunos ancianos de la aldea. Con ellos fue muy impactante rezar juntos. Ten\u00edamos la impresi\u00f3n de que <strong>nos comunic\u00e1bamos m\u00e1s all\u00e1 de las dificultades de comprensi\u00f3n de su idioma\u00bb.<\/strong>  <strong><img alt=\"\" alt=\"\" loading=\"lazy\" decoding=\"async\" class=\"alignright wp-image-173502\" src=\"https:\/\/www.focolare.org\/wp-content\/uploads\/2018\/11\/Whati_Canada_05.jpg\" alt=\"\" width=\"368\" height=\"276\" \/>La poblaci\u00f3n del lugar sufre por el dificil pasaje de la tradici\u00f3n a la modernidad que est\u00e1n viviendo<\/strong>. \u00abEn poco tiempo \u2013 explica Alek \u2013 se vio privada de sus ra\u00edces, que hab\u00edan constituido su identidad m\u00e1s profunda, probablemente durante miles de a\u00f1os. <strong>Mis coet\u00e1neos nacieron y han vivido en el \u201cteepee\u201d<\/strong> (la t\u00edpica carpa hecha con palos, en un n\u00famero variable seg\u00fan su dimensi\u00f3n, cubierta con cueros y con una abertura superior para permitir la salida del humo) y hablan el idioma Tlicho. <strong>Los m\u00e1s j\u00f3venes ya no conocen la lengua tradicional, usan el celular, y les atrae el consumismo<\/strong> y sus consecuencias, incluso el uso del alcohol y las drogas.<strong> Sin embargo, la comunidad tiene una fe simple y profunda<\/strong>, basada en la lectura de la Biblia y la natural religiosidad de su pueblo que es a\u00fan sensible a lo sobrenatural. Para m\u00ed fue una oportunidad para encontrarme cara a cara con algunas de esas historias. <strong>Entre ellos me sent\u00ed \u201cen mi lugar\u201d, quiz\u00e1s como nunca antes<\/strong>, yo tambi\u00e9n expresi\u00f3n de una caricia de Dios\u00bb.  Chiara Favotti<\/p>\n","protected":false},"excerpt":{"rendered":"<p>Durante un mes, por invitaci\u00f3n del obispo de Yellowknife, cuatro miembros de distintas comunidades de Estados Unidos y Canad\u00e1, entre los cuales un sacerdote, vivieron la experiencia del \u201cfocolar temporal\u201d junto a los Tlicho de What\u00ed, en los territorios del Noroeste, en Canad\u00e1.<\/p>\n","protected":false},"author":34,"featured_media":0,"comment_status":"open","ping_status":"open","sticky":false,"template":"","format":"standard","meta":{"give_campaign_id":0,"_seopress_robots_primary_cat":"","_seopress_titles_title":"","_seopress_titles_desc":"","_seopress_robots_index":"","_et_pb_use_builder":"","_et_pb_old_content":"","_et_gb_content_width":"","footnotes":""},"categories":[904],"tags":[],"class_list":["post-310084","post","type-post","status-publish","format-standard","hentry","category-focolare-worldwide-2-2"],"_links":{"self":[{"href":"https:\/\/www.focolare.org\/es\/wp-json\/wp\/v2\/posts\/310084","targetHints":{"allow":["GET"]}}],"collection":[{"href":"https:\/\/www.focolare.org\/es\/wp-json\/wp\/v2\/posts"}],"about":[{"href":"https:\/\/www.focolare.org\/es\/wp-json\/wp\/v2\/types\/post"}],"author":[{"embeddable":true,"href":"https:\/\/www.focolare.org\/es\/wp-json\/wp\/v2\/users\/34"}],"replies":[{"embeddable":true,"href":"https:\/\/www.focolare.org\/es\/wp-json\/wp\/v2\/comments?post=310084"}],"version-history":[{"count":0,"href":"https:\/\/www.focolare.org\/es\/wp-json\/wp\/v2\/posts\/310084\/revisions"}],"wp:attachment":[{"href":"https:\/\/www.focolare.org\/es\/wp-json\/wp\/v2\/media?parent=310084"}],"wp:term":[{"taxonomy":"category","embeddable":true,"href":"https:\/\/www.focolare.org\/es\/wp-json\/wp\/v2\/categories?post=310084"},{"taxonomy":"post_tag","embeddable":true,"href":"https:\/\/www.focolare.org\/es\/wp-json\/wp\/v2\/tags?post=310084"}],"curies":[{"name":"wp","href":"https:\/\/api.w.org\/{rel}","templated":true}]}}