{"id":310144,"date":"2018-12-11T22:03:06","date_gmt":"2018-12-11T21:03:06","guid":{"rendered":"https:\/\/www.focolare.org\/abogados-de-diferentes-iglesias-en-londres\/"},"modified":"2024-05-15T20:48:32","modified_gmt":"2024-05-15T18:48:32","slug":"abogados-de-diferentes-iglesias-en-londres","status":"publish","type":"post","link":"https:\/\/www.focolare.org\/es\/abogados-de-diferentes-iglesias-en-londres\/","title":{"rendered":"Abogados de diferentes Iglesias en Londres"},"content":{"rendered":"<p><em>Abogados, jueces y estudiantes de leyes de diferentes denominaciones cristianas se reunieron en noviembre pasado para analizar el compromiso profesional a partir del Evangelio.<\/em>  \u201cEl Evangelio tiene profundas implicaciones tambi\u00e9n en el mundo legal y la Lawyers\u2019 Christian Fellowship (LCF, asociaci\u00f3n de juristas cristianos) quiere llevar la Buena Noticia de Jes\u00fas en este contexto\u201d. Esto es lo que se lee en la p\u00e1gina Web de la hist\u00f3rica organizaci\u00f3n brit\u00e1nica que desde 1852 re\u00fane a juristas, abogados y estudiantes de diferentes denominaciones cristianas. Tres \u00e1reas de compromiso se desarrollaron a lo largo de 150 a\u00f1os de actividad: vivir de acuerdo con las \u201cleyes\u201d evang\u00e9licas en el trabajo diario; formar j\u00f3venes juristas y actuar a nivel internacional.  Y es en esta \u00faltima l\u00ednea que se inserta la conferencia: \u201cUn jurista seg\u00fan el coraz\u00f3n de Dios: la lecci\u00f3n del Salmo 119\u201d, tambi\u00e9n se invit\u00f3 a participar a la <a href=\"http:\/\/comunionediritto.org\/en\/\" target=\"_blank\" rel=\"noopener\">Comuni\u00f3n y Derecho<\/a> (CyD), la red internacional que re\u00fane juristas, abogados y estudiantes animados por la espiritualidad de los Focolares. Hemos hecho algunas preguntas a Elisabetta Scomazzon y Pasquale De Rosa, consultores en el campo jur\u00eddico-can\u00f3nico, que participaron en nombre de CyD.  <strong><img alt=\"\" alt=\"\" loading=\"lazy\" decoding=\"async\" class=\"alignleft wp-image-182564 \" src=\"https:\/\/www.focolare.org\/wp-content\/uploads\/2020\/12\/a237e041-00c6-4472-ab80-1a4acba6422f-1068x600.jpg\" alt=\"\" width=\"429\" height=\"241\">\u00bfCu\u00e1l es el \u201cenfoque\u201d de estas reuniones entre juristas de diferentes Iglesias?<\/strong>  <strong>Elisabetta Scomazzon<\/strong>: La fe es el centro y el v\u00ednculo m\u00e1s fuerte que nos une, incluso antes de la profesi\u00f3n jur\u00eddica. Estas reuniones son particularmente importantes porque se pasa de estar unidos afectivamente a la b\u00fasqueda de posibles formas tambi\u00e9n en el campo jur\u00eddico, por ejemplo a trav\u00e9s de un compromiso claro y manifiesto en defensa de los sectores m\u00e1s d\u00e9biles de la sociedad. Estas son opciones en las que el derecho puede contribuir a construir relaciones m\u00e1s fraternales y capaces de tener actitudes constructivas.  <strong>\u00bfCu\u00e1les son los puntos en com\u00fan y aquellos en los que todav\u00eda hay que trabajar, jur\u00eddicamente hablando, y que han tratado?<\/strong>  <strong>Pasquale De Rosa<\/strong>: En com\u00fan, tenemos sobre todo el compromiso de ser testigos de la vida cristiana en la profesi\u00f3n, por ejemplo, en la relaci\u00f3n abogado-cliente y en las diferentes \u00e1reas donde un jurista trabaja como cristiano: ser testigos aut\u00e9nticos, portadores de la novedad que aporta el cristianismo. . Nuestro trabajo avanza en paralelo con el camino de nuestras Iglesias de pertenencia y se trata para nosotros de colaborar juntos, a partir de lo que Chiara Lubich defini\u00f3 como el di\u00e1logo de la vida, compartiendo nuestras experiencias como juristas, por ejemplo, un tema candente es el de los derechos humanos y su declinaci\u00f3n en los m\u00faltiples desaf\u00edos actuales.  <strong>\u00bfDe qu\u00e9 manera los hombres y mujeres \u201cde la ley\u201d de Iglesias diferentes contribuyen a la paz y la armon\u00eda de sus respectivas sociedades, en un clima como el actual, atravesado por ideas y pr\u00e1cticas divisivas?<\/strong>  <strong>Elisabetta Scomazzon<\/strong>: Cada pueblo y naci\u00f3n se da reglas, tiene un orden e incluso la ley puede ser un instrumento de comuni\u00f3n que ayuda a encontrar respuestas a las preguntas urgentes de nuestro planeta y al grito de la humanidad que sufre injusticias, explotaciones y guerras. Encontrar soluciones en el campo jur\u00eddico, juntos, <a href=\"https:\/\/www.focolare.org\/es\/download\/italiano-scheda-dialogo-ecumenico\/\">cristianos de diferentes Iglesias<\/a>, puede que no sea una utop\u00eda, sino una gran oportunidad y una oportunidad para dar esperanza de que la unidad es posible. <\/p>\n<p style=\"text-align: right;\">por la Redacci\u00f3n<\/p>\n","protected":false},"excerpt":{"rendered":"<p>Abogados, jueces y estudiantes de leyes de diferentes denominaciones cristianas se reunieron en noviembre pasado para analizar el compromiso profesional a partir del Evangelio.<\/p>\n","protected":false},"author":27,"featured_media":0,"comment_status":"open","ping_status":"open","sticky":false,"template":"","format":"standard","meta":{"give_campaign_id":0,"_seopress_robots_primary_cat":"","_seopress_titles_title":"","_seopress_titles_desc":"","_seopress_robots_index":"","_et_pb_use_builder":"","_et_pb_old_content":"","_et_gb_content_width":"","footnotes":""},"categories":[46],"tags":[],"class_list":["post-310144","post","type-post","status-publish","format-standard","hentry","category-sin-categorizar"],"_links":{"self":[{"href":"https:\/\/www.focolare.org\/es\/wp-json\/wp\/v2\/posts\/310144","targetHints":{"allow":["GET"]}}],"collection":[{"href":"https:\/\/www.focolare.org\/es\/wp-json\/wp\/v2\/posts"}],"about":[{"href":"https:\/\/www.focolare.org\/es\/wp-json\/wp\/v2\/types\/post"}],"author":[{"embeddable":true,"href":"https:\/\/www.focolare.org\/es\/wp-json\/wp\/v2\/users\/27"}],"replies":[{"embeddable":true,"href":"https:\/\/www.focolare.org\/es\/wp-json\/wp\/v2\/comments?post=310144"}],"version-history":[{"count":0,"href":"https:\/\/www.focolare.org\/es\/wp-json\/wp\/v2\/posts\/310144\/revisions"}],"wp:attachment":[{"href":"https:\/\/www.focolare.org\/es\/wp-json\/wp\/v2\/media?parent=310144"}],"wp:term":[{"taxonomy":"category","embeddable":true,"href":"https:\/\/www.focolare.org\/es\/wp-json\/wp\/v2\/categories?post=310144"},{"taxonomy":"post_tag","embeddable":true,"href":"https:\/\/www.focolare.org\/es\/wp-json\/wp\/v2\/tags?post=310144"}],"curies":[{"name":"wp","href":"https:\/\/api.w.org\/{rel}","templated":true}]}}