{"id":310254,"date":"2019-02-26T22:01:27","date_gmt":"2019-02-26T21:01:27","guid":{"rendered":"https:\/\/www.focolare.org\/brasil-mas-alla-de-la-polarizacion-politico-ideologica-2\/"},"modified":"2024-05-15T20:48:50","modified_gmt":"2024-05-15T18:48:50","slug":"brasil-mas-alla-de-la-polarizacion-politico-ideologica-2","status":"publish","type":"post","link":"https:\/\/www.focolare.org\/es\/brasil-mas-alla-de-la-polarizacion-politico-ideologica-2\/","title":{"rendered":"Brasil, m\u00e1s all\u00e1 de la polarizaci\u00f3n pol\u00edtico-ideol\u00f3gica\/2"},"content":{"rendered":"<p><em>La imagen de un pa\u00eds impregnado de disputas pol\u00edticas e ideol\u00f3gicas, ampliamente difundidas por los medios de comunicaci\u00f3n brasile\u00f1os en general, tiende a esconder la realidad de quienes act\u00faan por el bien com\u00fan, afrontando las divergencias de opini\u00f3n a trav\u00e9s del di\u00e1logo y con acciones concretas de solidaridad.<\/em>  Aun marcado por una fuerte polarizaci\u00f3n pol\u00edtico-ideol\u00f3gica, Brasil cultiva, muchas veces en silencio, los g\u00e9rmenes de una sociedad renovada, abierta al di\u00e1logo, solidaria, que tiende a la construcci\u00f3n de relaciones de fraternidad. En los espacios pol\u00edtico y socio-cultural m\u00e1s amplios.  Tras haber contado las iniciativas puestas en acci\u00f3n por los varios organismos \u2013 eclesiales y de otro tipo \u2013 para promover una reflexi\u00f3n pol\u00edtica fundada sobre el di\u00e1logo (entendida como respuesta a la demanda creciente de una nueva cultura democr\u00e1tica y participativa) queremos ahora poner en luz el compromiso de muchos en el campo de la solidaridad y del voluntariado.  <strong>A menudo, en efecto, la acci\u00f3n pol\u00edtica<\/strong> est\u00e1 guiada por un sentido de solidaridad con los que sufren. Desde 2016, cuando el Gobierno del Estado de R\u00edo de Janeiro empez\u00f3 a atrasarse en el pago de los sueldos de los empleados p\u00fablicos, adem\u00e1s de la lucha en la Justicia y de los numerosos actos pol\u00edticos de protesta contra esa medida, surgi\u00f3 una red de solidaridad en favor de los trabajadores y sus familias que m\u00e1s sufrieron por esa situaci\u00f3n. Los gestos se multiplicaron en todo el Estado, tanto por parte de las personas individualmente como de la colectividad. Para ayudar a las familias en dificultad una serie de organizaciones se movilizaron para recoger recursos y preparar viandas de alimentos b\u00e1sicos, comprar medicamentos y satisfacer otras necesidades primarias. La Arquidi\u00f3cesis y las dem\u00e1s di\u00f3cesis cat\u00f3licas de Rio de Janeiro, como as\u00ed tambi\u00e9n las otras Iglesias, actuaron en colaboraci\u00f3n con el llamado Movimiento Unificado de Funcionarios P\u00fablicos de Estado (Muspe).  <img alt=\"\" alt=\"\" loading=\"lazy\" decoding=\"async\" class=\"alignleft wp-image-185402\" src=\"https:\/\/www.focolare.org\/wp-content\/uploads\/2019\/02\/venezuela-8-90x45.jpg\" alt=\"\" width=\"400\" height=\"200\">Una situaci\u00f3n similar vio a cerca de 40 entidades brasile\u00f1as, entre religiosas y civiles, trabajar juntos para acoger refugiados provenientes sobre todo de Venezuela. Algunos de esos entes llevan a cabo acciones de emergencia (ofrecimiento de alimentos y medicamentos, tratamientos m\u00e9dicos y psicol\u00f3gicos), mientras otros ayudan a obtener la residencia en Brasil a trav\u00e9s del acceso a la documentaci\u00f3n necesaria, cursos de lengua portuguesa, alojamiento y trabajo. Estas entidades han sido particularmente activas en la regi\u00f3n de frontera entre los dos pa\u00edses, pero tambi\u00e9n en otras regiones adonde fueron enviadas familias de refugiados en el intento de ofrecerles mejores oportunidades de trabajo y vivienda.  Iniciativas de este tipo reflejan el deseo de muchos brasile\u00f1os de \u201cllegar\u201d siempre a quienes tienen m\u00e1s necesidad de ayuda. Tal vez es este impulso lo que justifica los datos de la consulta \u00abOther Forms of Work\u00bb, elaborada en 2017 y publicada recientemente por el Instituto Brasile\u00f1o de Geograf\u00eda y Estad\u00edstica (IBGE). Seg\u00fan esta investigaci\u00f3n, 7,4 millones de personas hicieron voluntariado este a\u00f1o, el equivalente al 4,4% de la poblaci\u00f3n de 14 a\u00f1os o m\u00e1s. Por voluntariado los investigadores entienden el trabajo no obligatorio, realizado al menos una hora a la semana, sin recibir una retribuci\u00f3n o beneficio en cambio, por personas que no viven en la misma familia del voluntario. Siempre seg\u00fan la investigaci\u00f3n, el perfil de los voluntarios en Brasil describe principalmente a mujeres que junto con la actividad de voluntariado se ocupan de trabajo profesional y dom\u00e9stico.  Otro ejemplo que viene del Movimiento de los Focolares es <a href=\"http:\/\/www.milongaproject.org\/\" target=\"_blank\" rel=\"noopener noreferrer\">Milonga<\/a>, un programa que pone en contacto las organizaciones no gubernamentales de car\u00e1cter social de siete pa\u00edses con j\u00f3venes que quieren integrar su formaci\u00f3n humana con el voluntariado, donando su tiempo y su trabajo. En octubre de 2018, 75 voluntarios del proyecto trabajaron en 19 organizaciones en Brasil, Argentina, Bolivia, M\u00e9xico, Paraguay, Venezuela, Uruguay, Kenya y Jordania. \u00abAprend\u00ed que la esencia de la vida no es tener, sino ser. A veces estamos llenos de muchas cosas, pero lo que cuenta realmente son esas cosas que quedan en la eternidad del momento presente\u00bb, dijo Rarison Gomes, 30 a\u00f1os, originario de Manaus.&nbsp;  La experiencia del voluntariado coincide con un cierto protagonismo juvenil en crecimiento entre chicos brasile\u00f1os que desean pasar de la reflexi\u00f3n pol\u00edtica a la acci\u00f3n. Un ejemplo significativo es la experiencia del Colectivo Juventude Campo Cidade, nacido hace m\u00e1s de diez a\u00f1os de una conversaci\u00f3n entre amigos en la peque\u00f1a ciudad de Po\u00e7o Redondo, en el Estado de Sergipe, en el Nordeste de Brasil. Algunos de esos j\u00f3venes eran ya activos en movimientos sociales en el Alto Sert\u00e3o Sergipano, como se la llama a esa regi\u00f3n. Motivados por el proceso electoral de 2008, estos muchachos decidieron hacer nacer un programa de formaci\u00f3n pol\u00edtica para los j\u00f3venes de la regi\u00f3n. Aun sin recursos y con escaso apoyo, el grupo organiz\u00f3 un curso en 11 etapas de la duraci\u00f3n de un a\u00f1o y medio. En el origen del proyecto, una clara toma de conciencia: era necesario formarse, conocer la realidad, para asumir el protagonismo social en la regi\u00f3n. \u201cTen\u00edamos la sensaci\u00f3n de querer transformar la sociedad y eso se fue consolidando en todas las etapas del curso\u00bb, dice Dami\u00e3o Rodrigues Souza, uno de los que idearon la iniciativa. Al terminar el primer curso, los j\u00f3venes llegaron a la conclusi\u00f3n de que la experiencia iniciada all\u00ed tendr\u00eda que continuar, bas\u00e1ndose en tres pilares: formaci\u00f3n, organizaci\u00f3n y lucha. El \u00faltimo de estos pilares se concretiz\u00f3 en una serie de iniciativas que produjeron resultados eficaces: la instalaci\u00f3n de un campus de una universidad p\u00fablica federal en la regi\u00f3n; la construcci\u00f3n de un teatro popular con una capacidad para 200 personas en la ciudad de Po\u00e7o Redondo (construido por los mismos j\u00f3venes); la concesi\u00f3n por parte del Gobierno Federal de un pedazo de tierra, hasta ahora inactivo, que se destinar\u00e1 al cultivo de productos biol\u00f3gicos por parte de los j\u00f3venes.  Aunque aislados y dispersos a lo largo de los m\u00e1s de ocho millones de kil\u00f3metros cuadrados de Brasil, \u00e9stos y muchos otros ejemplos de di\u00e1logo y participaci\u00f3n pol\u00edtica, as\u00ed como de acci\u00f3n concreta para la construcci\u00f3n de una sociedad justa y fraterna, dan testimonio de un cuadro mucho m\u00e1s sano que el de la simple polarizaci\u00f3n pol\u00edtica adonde fue conducida gran parte de la sociedad brasile\u00f1a. Para los protagonistas de estas acciones, la esperanza est\u00e1 en la convicci\u00f3n de que los ejemplos y los frutos concretos est\u00e1n en condiciones de capturar \u201cseguidores\u201d y potenciar ese protagonismo, que es fundamental para unir a las personas en favor del bien com\u00fan m\u00e1s all\u00e1 de las diferencias pol\u00edtico-ideol\u00f3gicas. <\/p>\n<p style=\"text-align: right;\"><em>Lu\u00eds Henrique Marques<\/em><\/p>\n","protected":false},"excerpt":{"rendered":"<p>La imagen de un pa\u00eds impregnado de disputas pol\u00edticas e ideol\u00f3gicas, ampliamente difundidas por los medios de comunicaci\u00f3n brasile\u00f1os en general, tiende a esconder la realidad de quienes act\u00faan por el bien com\u00fan, afrontando las divergencias de opini\u00f3n a trav\u00e9s del di\u00e1logo y con acciones concretas de solidaridad.<\/p>\n","protected":false},"author":24,"featured_media":0,"comment_status":"open","ping_status":"open","sticky":false,"template":"","format":"standard","meta":{"give_campaign_id":0,"_seopress_robots_primary_cat":"","_seopress_titles_title":"","_seopress_titles_desc":"","_seopress_robots_index":"","_et_pb_use_builder":"","_et_pb_old_content":"","_et_gb_content_width":"","footnotes":""},"categories":[46],"tags":[],"class_list":["post-310254","post","type-post","status-publish","format-standard","hentry","category-sin-categorizar"],"_links":{"self":[{"href":"https:\/\/www.focolare.org\/es\/wp-json\/wp\/v2\/posts\/310254","targetHints":{"allow":["GET"]}}],"collection":[{"href":"https:\/\/www.focolare.org\/es\/wp-json\/wp\/v2\/posts"}],"about":[{"href":"https:\/\/www.focolare.org\/es\/wp-json\/wp\/v2\/types\/post"}],"author":[{"embeddable":true,"href":"https:\/\/www.focolare.org\/es\/wp-json\/wp\/v2\/users\/24"}],"replies":[{"embeddable":true,"href":"https:\/\/www.focolare.org\/es\/wp-json\/wp\/v2\/comments?post=310254"}],"version-history":[{"count":0,"href":"https:\/\/www.focolare.org\/es\/wp-json\/wp\/v2\/posts\/310254\/revisions"}],"wp:attachment":[{"href":"https:\/\/www.focolare.org\/es\/wp-json\/wp\/v2\/media?parent=310254"}],"wp:term":[{"taxonomy":"category","embeddable":true,"href":"https:\/\/www.focolare.org\/es\/wp-json\/wp\/v2\/categories?post=310254"},{"taxonomy":"post_tag","embeddable":true,"href":"https:\/\/www.focolare.org\/es\/wp-json\/wp\/v2\/tags?post=310254"}],"curies":[{"name":"wp","href":"https:\/\/api.w.org\/{rel}","templated":true}]}}