{"id":310276,"date":"2019-03-14T17:50:20","date_gmt":"2019-03-14T16:50:20","guid":{"rendered":"https:\/\/www.focolare.org\/card-rylko-chiara-lubich-y-la-dimension-profetica-de-su-carisma\/"},"modified":"2024-05-15T20:48:53","modified_gmt":"2024-05-15T18:48:53","slug":"card-rylko-chiara-lubich-y-la-dimension-profetica-de-su-carisma","status":"publish","type":"post","link":"https:\/\/www.focolare.org\/es\/card-rylko-chiara-lubich-y-la-dimension-profetica-de-su-carisma\/","title":{"rendered":"Card. Ry\u0142ko: Chiara Lubich y la dimensi\u00f3n prof\u00e9tica de su carisma"},"content":{"rendered":"<p><em>A los once a\u00f1os de la muerte de la fundadora de los Focolares muchos eventos la recuerdan en todo el mundo. En Roma, el Card. Ry\u0142ko celebr\u00f3 una Santa Misa, con la presencia de Mar\u00eda Voce y Jes\u00fas Mor\u00e1n. Adem\u00e1s de un nutrido grupo del \u201cpueblo\u201d de Chiara, hubo muchas autoridades civiles, religiosas y amigos de los Focolares.<\/em>  <strong>Iniciadora de caminos nuevos de vida cristiana, mujer que confiaba totalmente en Dios y con una profunda identidad \u201cmariana\u201d.<\/strong> Justamente por eso Dios deposit\u00f3 en ella un don para la Iglesia y el mundo: el carisma de la unidad. Son \u00e9stos, en s\u00edntesis, los puntos fundamentales de la vida de Chiara y de los Focolares que recorri\u00f3 el Card. Stanis\u0142aw Ry\u0142ko, ex-Secretario y luego Presidente del Pontificio Consejo para los Laicos, durante la Misa celebrada el 14 de marzo en Roma, en el m\u00e1s antiguo santuario mariano, la bas\u00edlica de Santa Mar\u00eda la Mayor, con ocasi\u00f3n del und\u00e9cimo aniversario de la muerte de Chiara Lubich.  <strong><img loading=\"lazy\" decoding=\"async\" class=\"wp-image-186165 alignleft\" title=\"Emmaus\" src=\"https:\/\/www.focolare.org\/wp-content\/uploads\/2019\/03\/Emmaus-90x51.jpeg\" alt=\"Emmaus\" width=\"350\" height=\"196\" \/>Estaban presentes, adem\u00e1s de la Presidente de los Focolares Mar\u00eda Voce, el Co-Presidente Jes\u00fas Mor\u00e1n y un nutrido grupo del \u201cpueblo de Chiara\u201d<\/strong>, representantes civiles, religiosos, del mundo diplom\u00e1tico y de distintos movimientos cristianos. Era una asamblea variada, que parec\u00eda devolverle a Chiara ese abrazo que ella ofreci\u00f3 a la humanidad. \u201cQuiz\u00e1s cu\u00e1ntas veces ustedes han o\u00eddo a Chiara pronunciar estas palabras \u2013 record\u00f3 el Card. Ry\u0142ko: \u00abLo que vale es el amor. El amor hace caminar el mundo, pues si alguien tiene incluso una misi\u00f3n que desempe\u00f1ar, ella es tanto m\u00e1s profunda cuanto m\u00e1s empapada de amor est\u00e9\u00bb.  \u201cHoy los retos que personalmente y como pueblos vivimos no son menores que los que Chiara tuvo que afrontar cuando empez\u00f3 \u2013 conf\u00eda una chica que desde hace poco tiempo conoce a los Focolares \u2013 . Nada es m\u00e1s actual que su mensaje de unidad hoy; de su visi\u00f3n de un mundo que, en su diversidad y contradicci\u00f3n, puede avanzar unido aun en medio de las polarizaciones que parecen da\u00f1ar nuestras relaciones\u201d.  Se captaba en las palabras del Card. Ry\u0142ko la amistad fraterna de largos a\u00f1os con la fundadora de <img loading=\"lazy\" decoding=\"async\" class=\"alignright wp-image-186171\" title=\"IMG 8750\" src=\"https:\/\/www.focolare.org\/wp-content\/uploads\/2019\/03\/IMG_8750-90x68.jpg\" alt=\"IMG 8750\" width=\"350\" height=\"263\" \/>los Focolares \u2013 \u201cHemos recorrido un largo trecho de camino juntos\u201d \u2013 y el profundo conocimiento del don que Dios le dio. \u201cEn la vida de un Movimiento es muy importante la memoria de los or\u00edgenes \u2013 destac\u00f3 \u2013. As\u00ed como en la fuente el agua siempre es m\u00e1s l\u00edmpida, de la misma manera en sus or\u00edgenes un carisma se presenta en toda su fascinante belleza y novedad. Y el Movimiento descubre mejor su identidad. La identidad de ustedes m\u00e1s profunda est\u00e1 condensada en el nombre mismo del Movimiento: Obra de Mar\u00eda. Una particular presencia de Mar\u00eda los acompa\u00f1a desde su nacimiento. Esta dimensi\u00f3n mariana caracteriza todo el compromiso misionero de ustedes en el mundo. El Papa Francisco habla a menudo de un \u201cestilo mariano de evangelizaci\u00f3n\u201d como el m\u00e1s apto para nuestros tiempos\u201d.  Luego, defini\u00f3 al pueblo de los Focolares como una \u201cgeneraci\u00f3n nueva\u201d de hombres y mujeres, de j\u00f3venes, de familias nuevas, todos enamorados del amor de Dios y del Ideal de la unidad.  <strong><img loading=\"lazy\" decoding=\"async\" class=\"alignleft wp-image-186173\" title=\"print 2\" src=\"https:\/\/www.focolare.org\/wp-content\/uploads\/2019\/03\/print-2-90x51.jpg\" alt=\"print 2\" width=\"350\" height=\"196\" \/>Al concluir la celebraci\u00f3n, agradeciendo a todos los presentes, Mar\u00eda Voce comunic\u00f3 la apertura, el 7 de diciembre pr\u00f3ximo, del a\u00f1o dedicado al centenario del nacimiento de Chiara Lubich<\/strong>. El a\u00f1o 2020 estar\u00e1 marcado por numerosas iniciativas y eventos de distinta naturaleza, orientados a \u201ccelebrar para encontrarse con Chiara\u201d, como reza el lema del centenario mismo.  \u201cQuisi\u00e9ramos celebrar esta corriente de vida nueva y universal que el Carisma de la unidad ha introducido en nuestras historias personales y en la de numerosos pueblos y culturas\u201d \u2013 anunci\u00f3 la presidente de los Focolares. \u201cLo queremos hacer dando la posibilidad a muchos en el mundo de encontrarse con Chiara hoy: de conocerla como persona y redescubrir la actualidad de su Carisma y su visi\u00f3n del mundo visto como una familia de pueblos hermanos. Una visi\u00f3n a contracorriente en esta \u00e9poca de particularismos e imposiciones que resurgen. Estoy segura de que el encuentro personal y colectivo con Chiara seguir\u00e1 inspirando a personas, ideas y proyectos animados por el esp\u00edritu de la unidad\u201d.  <strong>Las celebraciones empezar\u00e1n en Trento, su ciudad natal, el 7 de diciembre pr\u00f3ximo<\/strong>, con la inauguraci\u00f3n de una gran exposici\u00f3n multimedia dedicada a Chiara, que luego ser\u00e1 repetida en varias capitales del mundo. Durante todo el a\u00f1o llegar\u00e1n a Trento grupos de peregrinos que podr\u00e1n conocer la persona de Chiara y su herencia espiritual.  En Roma y alrededores tambi\u00e9n, durante el a\u00f1o, habr\u00e1 eventos que permitir\u00e1n descubrir desde adentro la vida y la obra de Chiara en la cotidianidad, como la casa donde vivi\u00f3, la capilla en donde descansa ahora, en el Centro del Movimiento. <\/p>\n<p style=\"text-align: right;\"><em>Stefania Tanesini<\/em><\/p>\n","protected":false},"excerpt":{"rendered":"<p>A los once a\u00f1os de la muerte de la fundadora de los Focolares muchos eventos la recuerdan en todo el mundo. En Roma, el Card. Ry\u0142ko celebr\u00f3 una Santa Misa, con la presencia de Mar\u00eda Voce y Jes\u00fas Mor\u00e1n. Adem\u00e1s de un nutrido grupo del \u201cpueblo\u201d de Chiara, hubo muchas autoridades civiles, religiosas y amigos de los Focolares.<\/p>\n","protected":false},"author":24,"featured_media":0,"comment_status":"open","ping_status":"open","sticky":false,"template":"","format":"standard","meta":{"give_campaign_id":0,"_seopress_robots_primary_cat":"","_seopress_titles_title":"","_seopress_titles_desc":"","_seopress_robots_index":"","_et_pb_use_builder":"","_et_pb_old_content":"","_et_gb_content_width":"","footnotes":""},"categories":[46],"tags":[],"class_list":["post-310276","post","type-post","status-publish","format-standard","hentry","category-sin-categorizar"],"_links":{"self":[{"href":"https:\/\/www.focolare.org\/es\/wp-json\/wp\/v2\/posts\/310276","targetHints":{"allow":["GET"]}}],"collection":[{"href":"https:\/\/www.focolare.org\/es\/wp-json\/wp\/v2\/posts"}],"about":[{"href":"https:\/\/www.focolare.org\/es\/wp-json\/wp\/v2\/types\/post"}],"author":[{"embeddable":true,"href":"https:\/\/www.focolare.org\/es\/wp-json\/wp\/v2\/users\/24"}],"replies":[{"embeddable":true,"href":"https:\/\/www.focolare.org\/es\/wp-json\/wp\/v2\/comments?post=310276"}],"version-history":[{"count":0,"href":"https:\/\/www.focolare.org\/es\/wp-json\/wp\/v2\/posts\/310276\/revisions"}],"wp:attachment":[{"href":"https:\/\/www.focolare.org\/es\/wp-json\/wp\/v2\/media?parent=310276"}],"wp:term":[{"taxonomy":"category","embeddable":true,"href":"https:\/\/www.focolare.org\/es\/wp-json\/wp\/v2\/categories?post=310276"},{"taxonomy":"post_tag","embeddable":true,"href":"https:\/\/www.focolare.org\/es\/wp-json\/wp\/v2\/tags?post=310276"}],"curies":[{"name":"wp","href":"https:\/\/api.w.org\/{rel}","templated":true}]}}