{"id":310328,"date":"2019-04-22T20:10:30","date_gmt":"2019-04-22T18:10:30","guid":{"rendered":"https:\/\/www.focolare.org\/vosotros-tambien-debeis-lavaros-los-pies-los-unos-a-los-otros\/"},"modified":"2024-05-15T20:49:02","modified_gmt":"2024-05-15T18:49:02","slug":"vosotros-tambien-debeis-lavaros-los-pies-los-unos-a-los-otros","status":"publish","type":"post","link":"https:\/\/www.focolare.org\/es\/vosotros-tambien-debeis-lavaros-los-pies-los-unos-a-los-otros\/","title":{"rendered":"\u201c\u2026vosotros tambi\u00e9n deb\u00e9is lavaros los pies los unos a los otros\u201d."},"content":{"rendered":"<p><em>Una invitaci\u00f3n clara \u2013 tomada de la Palabra de vida de abril de 2019 \u2013 de Jes\u00fas que fue el\u00a0 primero en lavar los pies a sus disc\u00edpulos.\u00a0 Una invitaci\u00f3n que todos podemos comprender y poner en pr\u00e1ctica, en toda situaci\u00f3n, en todo contexto social y cultural. \u00a0<\/em>  <strong>El componente que faltaba<\/strong> Trabajo en una empresa que produce ordenadores. \u00a0Desde hac\u00eda meses buscaba un espec\u00edfico componente electr\u00f3nico que reducir\u00eda en gran medida los costos de un producto, pero ning\u00fan proveedor me lo hab\u00eda encontrado.\u00a0 Por ello hab\u00eda decidido proyectarlo yo, y en la reuni\u00f3n semanal siguiente iba a pedir que se postergara de una semana la entrega, por el largo trabajo requerido. Durante esa reuni\u00f3n, un compa\u00f1ero \u00a0que pasaba un mal momento familiar nos comunic\u00f3 que no hab\u00eda conseguido terminar un trabajo que se le hab\u00eda confiado. El director empez\u00f3 a reprocharle su actitud, y entonces propuse terminar yo ese trabajo en su lugar. Enseguida, \u00a0despu\u00e9s de eso, \u00a0pens\u00e9 que no encontrar\u00eda tiempo para concluir mi proyecto y que llegar\u00eda siempre tarde a casa. Pero volviendo a la oficina, me estaba esperando un proveedor que, sin una cita previa, hab\u00eda venido a traerme justamente el componente que buscaba. (M. A. \u2013 Italia)  <strong>En el patio<\/strong> En el patio com\u00fan de la propiedad en la que vivimos juegan muchos chicos del barrio. Entre ellos tambi\u00e9n Robert, un chico problem\u00e1tico, que pasa todo su tiempo vagando por las calles y a menudo se producen choques con los dem\u00e1s. Supimos que sus padres no tienen tiempo para \u00e9l y que \u00e9l mismo est\u00e1 bajo un tratamiento psiqui\u00e1trico. Un d\u00eda, viendo que las peleas se repet\u00edan, mi esposa y yo bajamos al patio e invitamos a Robert a subir a nuestra casa, en donde se qued\u00f3 hasta la noche jugando con nuestros dos hijos, m\u00e1s peque\u00f1os que \u00e9l.\u00a0 En los d\u00edas sucesivos todas las veces que la situaci\u00f3n se tornaba dif\u00edcil, los otros chicos lo acompa\u00f1aban a nuestra casa. Luego supimos que Robert le cont\u00f3 al psiquiatra c\u00f3mo pasaba las tardes. Desde que empez\u00f3 a visitarnos, su comportamiento mejor\u00f3, tanto que pudo suspender los f\u00e1rmacos. (D. H. \u2013 Usa)  <strong>El huevo de Pascua<\/strong> Al despedirme de un amigo enfermo que hab\u00eda ido a ver, su esposa me entreg\u00f3 un huevo de Pascua para mi hijo Cesare, Cuando volv\u00ed a casa lo encontr\u00e9 jugando con un sobrinito que a menudo viene a mi casa debido al clima familiar complejo que vive. Le gui\u00f1\u00e9 el ojo a mi hijo y el huevo pas\u00f3 a manos del primo, que qued\u00f3 encantado. Cesare estuvo al juego, y luego, cuando nos quedamos solos, le expliqu\u00e9 que hacer un regalo nos hace sentir m\u00e1s cerca de Jes\u00fas. Por la tarde lleg\u00f3 la abuela con un huevo de Pascua a\u00fan m\u00e1s grande.\u00a0 Con gran alegr\u00eda, Cesare me dijo: \u00abPap\u00e1, \u00bfpor qu\u00e9 no les contamos a todos nuestro secreto?\u00bb. (Z. C. \u2013 Italia)  <strong>Una gran familia<\/strong> Despu\u00e9s de muchos intentos, un inmigrante africano que hab\u00edamos recogido en la parroquia hab\u00eda conseguido hacer venir desde \u00c1frica tambi\u00e9n a su esposa y a sus seis hijos, pero les faltaba de todo. \u00a0La casa era una obra en construcci\u00f3n y no ten\u00edan electricidad. Entonces, \u00a0me ofrec\u00ed a lavar la ropa de cama y otros les dieron alimentos y otras cosas que necesitaban. Estos hermanos experimentaron la alegr\u00eda de haber vuelto a encontrar la gran familia que pensaban que hab\u00edan perdido para siempre dejando su pa\u00eds. (F. F.- Belgio) <\/p>\n<p style=\"text-align: right;\"><em>Recogido por Chiara Favotti<\/em><\/p>\n","protected":false},"excerpt":{"rendered":"<p>Una invitaci\u00f3n clara \u2013 tomada de la Palabra de vida de abril de 2019 \u2013 de Jes\u00fas que fue el\u00a0 primero en lavar los pies a sus disc\u00edpulos.\u00a0 Una invitaci\u00f3n que todos podemos comprender y poner en pr\u00e1ctica, en toda situaci\u00f3n, en todo contexto social y cultural. \u00a0<\/p>\n","protected":false},"author":27,"featured_media":0,"comment_status":"open","ping_status":"open","sticky":false,"template":"","format":"standard","meta":{"give_campaign_id":0,"_seopress_robots_primary_cat":"","_seopress_titles_title":"","_seopress_titles_desc":"","_seopress_robots_index":"","_et_pb_use_builder":"","_et_pb_old_content":"","_et_gb_content_width":"","footnotes":""},"categories":[46],"tags":[],"class_list":["post-310328","post","type-post","status-publish","format-standard","hentry","category-sin-categorizar"],"_links":{"self":[{"href":"https:\/\/www.focolare.org\/es\/wp-json\/wp\/v2\/posts\/310328","targetHints":{"allow":["GET"]}}],"collection":[{"href":"https:\/\/www.focolare.org\/es\/wp-json\/wp\/v2\/posts"}],"about":[{"href":"https:\/\/www.focolare.org\/es\/wp-json\/wp\/v2\/types\/post"}],"author":[{"embeddable":true,"href":"https:\/\/www.focolare.org\/es\/wp-json\/wp\/v2\/users\/27"}],"replies":[{"embeddable":true,"href":"https:\/\/www.focolare.org\/es\/wp-json\/wp\/v2\/comments?post=310328"}],"version-history":[{"count":0,"href":"https:\/\/www.focolare.org\/es\/wp-json\/wp\/v2\/posts\/310328\/revisions"}],"wp:attachment":[{"href":"https:\/\/www.focolare.org\/es\/wp-json\/wp\/v2\/media?parent=310328"}],"wp:term":[{"taxonomy":"category","embeddable":true,"href":"https:\/\/www.focolare.org\/es\/wp-json\/wp\/v2\/categories?post=310328"},{"taxonomy":"post_tag","embeddable":true,"href":"https:\/\/www.focolare.org\/es\/wp-json\/wp\/v2\/tags?post=310328"}],"curies":[{"name":"wp","href":"https:\/\/api.w.org\/{rel}","templated":true}]}}