{"id":310332,"date":"2019-04-26T20:12:25","date_gmt":"2019-04-26T18:12:25","guid":{"rendered":"https:\/\/www.focolare.org\/mali-buscar-la-paz-mas-alla-de-nuestras-diferencias\/"},"modified":"2024-05-15T20:49:03","modified_gmt":"2024-05-15T18:49:03","slug":"mali-buscar-la-paz-mas-alla-de-nuestras-diferencias","status":"publish","type":"post","link":"https:\/\/www.focolare.org\/es\/mali-buscar-la-paz-mas-alla-de-nuestras-diferencias\/","title":{"rendered":"Mal\u00ed: buscar la paz m\u00e1s all\u00e1 de nuestras diferencias"},"content":{"rendered":"<p><em>En la parte septentrional y central de Mal\u00ed, desde hace tiempo, hay tensiones y conflictos. Dos son las etnias implicadas: los Dogon y los Fulani. La reciente masacre de 160 pastores Fulani ha sido uno de los tantos episodios de una violencia que contin\u00faa. Mientras tanto las Naciones Unidas tambi\u00e9n piden acciones urgentes por la paz. En ese pa\u00eds est\u00e1 presente una comunidad de los Focolares, de la que forma parte el padre E.M.S., a quien hemos entrevistado<\/em>  <strong><img loading=\"lazy\" decoding=\"async\" class=\"wp-image-187206 alignleft\" title=\"51ca89be 1e1e 4997 bf63 23d5c81cf354\" src=\"https:\/\/www.focolare.org\/wp-content\/uploads\/2019\/04\/51ca89be-1e1e-4997-bf63-23d5c81cf354.jpg\" alt=\"51ca89be 1e1e 4997 bf63 23d5c81cf354\" width=\"359\" height=\"202\" \/>Los medios de comunicaci\u00f3n hablan de violencias de origen inter-\u00e9tnico. Para Ud. \u00bfes \u00e9sa la causa de los conflictos?<\/strong>  La violencia est\u00e1 presente en el Norte de Mal\u00ed desde el a\u00f1o 2012 y actualmente se ha extendido tambi\u00e9n al centro del pa\u00eds y sobre todo en las aldeas habitadas por la poblaci\u00f3n Dogon, en la regi\u00f3n de Mopti. Conozco bien esas zonas. Hay grupos armados, grupos de terroristas que se asentaron en esa parte del pa\u00eds y que fueron recibidos y acogidos tanto por los Dogon como por las comunidades Fulani. Poco a poco los terroristas, que hablan la lengua de los Fulani, empezaron a atacar las aldeas Dogon. Y, como el ej\u00e9rcito no est\u00e1 presente en esta zona, las aldeas Dogon se organizaron para la defensa. Con la complicidad de algunos Fulani, les pidieron que dejaran las zonas en las que se hab\u00edan establecido. En realidad, no es un conflicto entre etnias, sino que los terroristas hacen creer que se trata de una guerra inter-\u00e9tnica para ganar terreno con mayor facilidad.  <strong>Las masacres de los \u00faltimos d\u00edas llevaron a la Iglesia cat\u00f3lica y a las Iglesias evang\u00e9licas a enviar a toda la Naci\u00f3n un mensaje conjunto de condolencia, con ocasi\u00f3n de las funciones religiosas dominicales. \u00bfC\u00f3mo fue percibido ese gesto?<\/strong>  Todo pueblo que est\u00e1 en problemas encuentra consuelo cuando la gente es solidaria con sus dificultades. Los mensajes y las oraciones organizadas, no s\u00f3lo por la Iglesia cat\u00f3lica o las Iglesias evang\u00e9licas, sino tambi\u00e9n por la comunidad musulmana, fueron una se\u00f1al muy bien acogida por todos. Ello expresa la aspiraci\u00f3n de todos a la paz. La poblaci\u00f3n de Mal\u00ed desea que la violencia acabe. Por eso hoy hay muchos encuentros y momentos de propuesta de di\u00e1logo para tratar de calmar los \u00e1nimos de ambas partes, e incluso para unirse y vencer juntos la violencia. La poblaci\u00f3n sabe con certeza que no se trata de un conflicto entre Dogon y Fulani, sino de un problema que involucra a todo el pa\u00eds.  <strong><img loading=\"lazy\" decoding=\"async\" class=\"wp-image-187224 alignright\" title=\"509f16a6 ca32 446f 9327 630b705ff219\" src=\"https:\/\/www.focolare.org\/wp-content\/uploads\/2019\/04\/509f16a6-ca32-446f-9327-630b705ff219.jpg\" alt=\"509f16a6 ca32 446f 9327 630b705ff219\" width=\"333\" height=\"187\" \/>\u00bfC\u00f3mo est\u00e1 viviendo este momento la comunidad de los Focolares en Mal\u00ed?<\/strong>  En Mal\u00ed hay una hermosa comunidad del Movimiento. Estamos presentes en varias di\u00f3cesis. Y las actividades que se realizan est\u00e1n coordinadas por la comunidad de Bamako. En Mal\u00ed no hay centros focolares, pero estamos en estrecho contacto con los dos focolares que se encuentran en Bobo-Dioulasso en Burkina Faso. Lo que nos ayuda en esta situaci\u00f3n es, como descubri\u00f3 Chiara Lubich durante el conflicto que ella tambi\u00e9n vivi\u00f3, que Dios es el \u00fanico ideal que no pasa. Muchos grupos se est\u00e1n organizando y trabajan para el retorno de la paz. En mi di\u00f3cesis, con los miembros del Movimiento buscamos todas las formas para ayudarnos a vivir el amor fraterno entre nosotros y con todos a nuestro alrededor. Y rezamos por la paz pidiendo a cada uno que implore a Dios para que nos d\u00e9 ese regalo. Creemos que \u00e9l escuchar\u00e1 nuestro grito.  Pero quisiera invitar a todos a que tengan presente a Mal\u00ed en sus plegarias. Mientras que a los habitantes de Mal\u00ed, tanto cristianos (cat\u00f3licos y evang\u00e9licos), musulmanes o no creyentes, les digo que hay que comprometerse a poner a nuestro pa\u00eds y a la fraternidad humana por encima y m\u00e1s all\u00e1 de nuestras diferencias. Lo que tenemos en com\u00fan es m\u00e1s que lo que nos divide, no hay que olvidarlo. <\/p>\n<p style=\"text-align: right;\"><em>Anna Lisa Innocenti<\/em><\/p>\n","protected":false},"excerpt":{"rendered":"<p>En la parte septentrional y central de Mal\u00ed, desde hace tiempo, hay tensiones y conflictos. Dos son las etnias implicadas: los Dogon y los Fulani. La reciente masacre de 160 pastores Fulani ha sido uno de los tantos episodios de una violencia que contin\u00faa. Mientras tanto las Naciones Unidas tambi\u00e9n piden acciones urgentes por la paz. En ese pa\u00eds est\u00e1 presente una comunidad de los Focolares, de la que forma parte el padre E.M.S., a quien hemos entrevistado<\/p>\n","protected":false},"author":27,"featured_media":0,"comment_status":"open","ping_status":"open","sticky":false,"template":"","format":"standard","meta":{"give_campaign_id":0,"_seopress_robots_primary_cat":"","_seopress_titles_title":"","_seopress_titles_desc":"","_seopress_robots_index":"","_et_pb_use_builder":"","_et_pb_old_content":"","_et_gb_content_width":"","footnotes":""},"categories":[46],"tags":[],"class_list":["post-310332","post","type-post","status-publish","format-standard","hentry","category-sin-categorizar"],"_links":{"self":[{"href":"https:\/\/www.focolare.org\/es\/wp-json\/wp\/v2\/posts\/310332","targetHints":{"allow":["GET"]}}],"collection":[{"href":"https:\/\/www.focolare.org\/es\/wp-json\/wp\/v2\/posts"}],"about":[{"href":"https:\/\/www.focolare.org\/es\/wp-json\/wp\/v2\/types\/post"}],"author":[{"embeddable":true,"href":"https:\/\/www.focolare.org\/es\/wp-json\/wp\/v2\/users\/27"}],"replies":[{"embeddable":true,"href":"https:\/\/www.focolare.org\/es\/wp-json\/wp\/v2\/comments?post=310332"}],"version-history":[{"count":0,"href":"https:\/\/www.focolare.org\/es\/wp-json\/wp\/v2\/posts\/310332\/revisions"}],"wp:attachment":[{"href":"https:\/\/www.focolare.org\/es\/wp-json\/wp\/v2\/media?parent=310332"}],"wp:term":[{"taxonomy":"category","embeddable":true,"href":"https:\/\/www.focolare.org\/es\/wp-json\/wp\/v2\/categories?post=310332"},{"taxonomy":"post_tag","embeddable":true,"href":"https:\/\/www.focolare.org\/es\/wp-json\/wp\/v2\/tags?post=310332"}],"curies":[{"name":"wp","href":"https:\/\/api.w.org\/{rel}","templated":true}]}}