{"id":310354,"date":"2019-05-08T10:00:59","date_gmt":"2019-05-08T08:00:59","guid":{"rendered":"https:\/\/www.focolare.org\/siria-3-un-pueblo-fuerte-y-tierno\/"},"modified":"2024-05-15T20:49:06","modified_gmt":"2024-05-15T18:49:06","slug":"siria-3-un-pueblo-fuerte-y-tierno","status":"publish","type":"post","link":"https:\/\/www.focolare.org\/es\/siria-3-un-pueblo-fuerte-y-tierno\/","title":{"rendered":"Siria\/3: Un pueblo fuerte y tierno"},"content":{"rendered":"<p><em>Maria Voce a los j\u00f3venes sirios: \u201cNo se dejen robar sus valores y \u00fananse a todos los j\u00f3venes que quieren un mundo mejor. El mundo los espera\u201d.<\/em>  \u201cGracias por la esperanza y la fuerza vital que nos han tra\u00eddo\u00bb. Estas son las palabras que Maria Voce dirigi\u00f3 a las comunidades de los Focolares a trav\u00e9s de un video mensaje, al final de su viaje a Siria del 1 al 8 de mayo.  D\u00edas intensos en los que la presidente y el copresidente de los Focolares, Jes\u00fas Mor\u00e1n, han visitado las ciudades de Homs, Kafarbo, Seydnaya y Damasco. Se han reunido con comunidades, personas comprometidas en parroquias o en la sociedad, familias, ni\u00f1os, j\u00f3venes, sacerdotes y religiosos. Han sido recibidos por obispos y por el nuncio apost\u00f3lico, cardenal Mario Zenari.  <img loading=\"lazy\" decoding=\"async\" class=\"alignright wp-image-188065\" title=\"Emmaus Damasco Giovani\" src=\"https:\/\/www.focolare.org\/wp-content\/uploads\/2019\/05\/Emmaus_Damasco_Giovani-90x51.jpeg\" alt=\"Emmaus Damasco Giovani\" width=\"400\" height=\"225\" \/>Han visto y experimentaron de primera mano las terribles heridas que la guerra ha dejado en las estructuras y en las almas de los sirios: traumas y tragedias de todo tipo. Han conocido desde dentro la dif\u00edcil y casi desesperada situaci\u00f3n de un pa\u00eds que se convirti\u00f3 en el t\u00edtere de los muchos intereses de fuerzas externas, que sufre una fuerte guerra econ\u00f3mica, mientras que el conflicto militar a\u00fan no ha terminado. Entonces, \u00bfc\u00f3mo es posible terminar el viaje agradeciendo la esperanza y la fuerza recibidas?  Una de las claves de la lectura es, sin duda, la \u00faltima etapa. Por invitaci\u00f3n del patriarca melkita, monse\u00f1or Youssef Absi, 230 j\u00f3venes cat\u00f3licos y varias iglesias se reunieron el lunes 6 de mayo en la catedral cat\u00f3lica griega de Damasco. En esta ocasi\u00f3n, respondiendo a algunas preguntas, Maria Voce hizo un fuerte llamado a la juventud siria: \u201cNo se dejen robar sus valores y \u00fananse a todos los j\u00f3venes que quieren un mundo mejor. El mundo los espera\u201d.  M\u00e1s tarde el copresidente, Jes\u00fas Mor\u00e1n, explicar\u00e1 la profunda motivaci\u00f3n de estas palabras: \u201cEstos j\u00f3venes han experimentado que todo se derrumba; sin embargo, han conservado una profunda sed de Dios y un verdadero sentido de la comunidad. Quiz\u00e1s no est\u00e9n completamente conscientes de ello, pero se encuentren en una situaci\u00f3n espiritual \u00f3ptima, de la cual pueden nacer grandes cosas\u201d.  \u00bfQu\u00e9 hacer, entonces, para crear las condiciones en las cuales estas semillas de esperanza puedan crecer y germinar en Siria?  Quien conoce al menos un poco la historia pasada y reciente de este pa\u00eds, tal vez sugiera una doble soluci\u00f3n: dejar a Siria y a los sirios en paz, porque sobre todo es necesario que cesen los conflictos. Despu\u00e9s, ser\u00edan las grandes fuerzas de Medio Oriente y de otras partes del mundo que quieren aprovecharse, que dejen que el pa\u00eds encuentre su propio camino.  Este pueblo, fuerte y tierno al mismo tiempo, como lo describi\u00f3 Maria Voce, es m\u00e1s que capaz de tomar su destino en sus propias manos. <\/p>\n<p style=\"text-align: right;\"><em>Joachim Schwind<\/em><\/p>\n","protected":false},"excerpt":{"rendered":"<p>Maria Voce a los j\u00f3venes sirios: \u201cNo se dejen robar sus valores y \u00fananse a todos los j\u00f3venes que quieren un mundo mejor. El mundo los espera\u201d.<\/p>\n","protected":false},"author":24,"featured_media":0,"comment_status":"open","ping_status":"open","sticky":false,"template":"","format":"standard","meta":{"give_campaign_id":0,"_seopress_robots_primary_cat":"","_seopress_titles_title":"","_seopress_titles_desc":"","_seopress_robots_index":"","_et_pb_use_builder":"","_et_pb_old_content":"","_et_gb_content_width":"","footnotes":""},"categories":[46],"tags":[],"class_list":["post-310354","post","type-post","status-publish","format-standard","hentry","category-sin-categorizar"],"_links":{"self":[{"href":"https:\/\/www.focolare.org\/es\/wp-json\/wp\/v2\/posts\/310354","targetHints":{"allow":["GET"]}}],"collection":[{"href":"https:\/\/www.focolare.org\/es\/wp-json\/wp\/v2\/posts"}],"about":[{"href":"https:\/\/www.focolare.org\/es\/wp-json\/wp\/v2\/types\/post"}],"author":[{"embeddable":true,"href":"https:\/\/www.focolare.org\/es\/wp-json\/wp\/v2\/users\/24"}],"replies":[{"embeddable":true,"href":"https:\/\/www.focolare.org\/es\/wp-json\/wp\/v2\/comments?post=310354"}],"version-history":[{"count":0,"href":"https:\/\/www.focolare.org\/es\/wp-json\/wp\/v2\/posts\/310354\/revisions"}],"wp:attachment":[{"href":"https:\/\/www.focolare.org\/es\/wp-json\/wp\/v2\/media?parent=310354"}],"wp:term":[{"taxonomy":"category","embeddable":true,"href":"https:\/\/www.focolare.org\/es\/wp-json\/wp\/v2\/categories?post=310354"},{"taxonomy":"post_tag","embeddable":true,"href":"https:\/\/www.focolare.org\/es\/wp-json\/wp\/v2\/tags?post=310354"}],"curies":[{"name":"wp","href":"https:\/\/api.w.org\/{rel}","templated":true}]}}