{"id":310384,"date":"2019-05-22T20:02:08","date_gmt":"2019-05-22T18:02:08","guid":{"rendered":"https:\/\/www.focolare.org\/europa-y-su-vocacion-entrevista-a-maria-voce\/"},"modified":"2024-05-15T20:49:12","modified_gmt":"2024-05-15T18:49:12","slug":"europa-y-su-vocacion-entrevista-a-maria-voce","status":"publish","type":"post","link":"https:\/\/www.focolare.org\/es\/europa-y-su-vocacion-entrevista-a-maria-voce\/","title":{"rendered":"Europa y su vocaci\u00f3n: entrevista a Mar\u00eda Voce"},"content":{"rendered":"<p><em>No ha transcurrido ni un siglo desde que termin\u00f3 el \u00faltimo conflicto mundial y parece que hoy Europa ha perdido, en cierto modo, el concepto de su desaf\u00edo original. Teatro de dos conflictos mundiales con millones de muertos, muchas ciudades y comunidades destruidas, el viejo continente se encamin\u00f3 en los a\u00f1os\u201950 hacia un renacimiento inesperado. Los fundadores de la actual Comunidad Europea vieron m\u00e1s all\u00e1 de los intereses particulares de cada pa\u00eds y pensaron en grande, en una comunidad de pueblos que pudiera de alg\u00fan modo proyectar un futuro de paz y un renacimiento econ\u00f3mico.<\/em>  <strong><img loading=\"lazy\" decoding=\"async\" class=\"wp-image-188213 alignleft\" title=\"Intervista Patrizia con Emmaus\" src=\"https:\/\/www.focolare.org\/wp-content\/uploads\/2019\/05\/Intervista-Patrizia-con-Emmaus.jpg\" alt=\"Intervista Patrizia con Emmaus\" width=\"369\" height=\"209\" \/>Hablamos sobre Europa con Mar\u00eda Voce, Presidente del Movimiento de los Focolares, durante una entrevista, articulada mediante nueve preguntas<\/strong>, que concedi\u00f3 con motivo de la Mari\u00e1polis Europea que tendr\u00e1 lugar los pr\u00f3ximos meses de julio y agosto en Tonadico, en el Trentino. En un di\u00e1logo abierto y franco, la entrevista se desarroll\u00f3 afrontando tem\u00e1ticas referentes a la pol\u00edtica, los j\u00f3venes, el testimonio de los cristianos de hoy, la Europa que queremos y el significado que puede tener la Mari\u00e1polis europea.  <strong>La diversidad entre las distintas comunidades de pueblos es un valor<\/strong>, afirma Mar\u00eda Voce y no es necesario sucumbir ante pretensiones imperialistas o nacionalistas, en la Mari\u00e1polis la diversidad se convierte en motivo de riqueza para todos, convirti\u00e9ndose en un momento en el que cada uno puede manifestar su propia riqueza y cultura. \u201cY si cada uno est\u00e1 dispuesto a hacer esto \u2013continua Mar\u00eda Voce- nadie sentir\u00e1 la necesidad de reivindicar su propia identidad porque su identidad es reconocida, valorada y enriquecida por la unidad\u201d. Este es el significado que puede tener la Mari\u00e1polis europea y lo que puede aportar a los participantes, realizar juntos una frase que Chiara Lubich dec\u00eda ya en el 2004: <strong>\u201cLa m\u00e1s alta dignidad para la humanidad ser\u00eda no sentirse un conjunto de pueblos a menudo en conflicto entre ellos, sino, por el amor rec\u00edproco, un \u00fanico pueblo enriquecido por la diversidad de cada uno y por lo tanto depositario, por la unidad, de las distintas identidades\u201d.<\/strong>  <strong>Otro punto afrontado fue la presencia de los j\u00f3venes en la sociedad de hoy en d\u00eda y su escasa participaci\u00f3n en la vida pol\u00edtica<\/strong>. Mar\u00eda Voce no tiene dudas al respecto y valora el testimonio de muchos j\u00f3venes que en este momento tienen influencia en el campo de la ecolog\u00eda, por ejemplo. Las nuevas generaciones se comprometen con \u201cproyectos que se refieren al bien de la humanidad, que no se limitan al inmediato presente, apoyan proyectos que exigen una vida concreta y que demuestran su autenticidad\u201d, afirma la Presidente de los Focolares. Tambi\u00e9n se refiri\u00f3 la tarea de los cristianos que es bastante ardua, sin embargo ellos pueden transmitir el valor de la solidaridad, de la fraternidad, del amor por los \u00faltimos, por los m\u00e1s peque\u00f1os y los m\u00e1s pobres viviendo en primera persona una vida coherente a la luz del Evangelio.  <strong>Entre las preguntas no pod\u00edan faltar aquellas referentes a su encuentro con el carisma de la unidad ocurrido en Roma<\/strong> durante el per\u00edodo universitario y, como consecuencia, su primera experiencia de Mari\u00e1polis, que descubrimos, tuvo lugar precisamente en el \u201959 en los valles de las Dolomitas, donde conoci\u00f3 a Chiara Lubich. Mar\u00eda Voce es testigo de esa multitud de personas que todos los a\u00f1os irrump\u00eda en esos lugares encantadores, donde las m\u00e1s variadas personas, eran convocadas para experimentar en carne propia el amor rec\u00edproco, la fraternidad y realizar as\u00ed la oraci\u00f3n de Jes\u00fas, \u201cQue todos sean uno\u201d.  <strong>La \u00faltima pregunta no puede no suscitar un deseo y una esperanza<\/strong>: \u201cMis esperanzas con respecto a Europa son que pueda descubrir su belleza y su vocaci\u00f3n, es decir, pueblos unidos que se reconocen los unos los otros y que reconocen unos y en otros principios comunes, valores comunes. <strong>La historia de un pueblo es tambi\u00e9n mi historia, la historia de cada pueblo de Europa es tambi\u00e9n mi historia, forma parte de mi historia, vive en mi historia\u201d.<\/strong> <\/p>\n<p style=\"text-align: right;\"><em>Patrizia Mazzola<\/em><\/p>\n<p> &nbsp;<\/p>\n","protected":false},"excerpt":{"rendered":"<p>No ha transcurrido ni un siglo desde que termin\u00f3 el \u00faltimo conflicto mundial y parece que hoy Europa ha perdido, en cierto modo, el concepto de su desaf\u00edo original. Teatro de dos conflictos mundiales con millones de muertos, muchas ciudades y comunidades destruidas, el viejo continente se encamin\u00f3 en los a\u00f1os\u201950 hacia un renacimiento inesperado. Los fundadores de la actual Comunidad Europea vieron m\u00e1s all\u00e1 de los intereses particulares de cada pa\u00eds y pensaron en grande, en una comunidad de pueblos que pudiera de alg\u00fan modo proyectar un futuro de paz y un renacimiento econ\u00f3mico.<\/p>\n","protected":false},"author":27,"featured_media":0,"comment_status":"open","ping_status":"open","sticky":false,"template":"","format":"standard","meta":{"give_campaign_id":0,"_seopress_robots_primary_cat":"","_seopress_titles_title":"","_seopress_titles_desc":"","_seopress_robots_index":"","_et_pb_use_builder":"","_et_pb_old_content":"","_et_gb_content_width":"","footnotes":""},"categories":[46],"tags":[],"class_list":["post-310384","post","type-post","status-publish","format-standard","hentry","category-sin-categorizar"],"_links":{"self":[{"href":"https:\/\/www.focolare.org\/es\/wp-json\/wp\/v2\/posts\/310384","targetHints":{"allow":["GET"]}}],"collection":[{"href":"https:\/\/www.focolare.org\/es\/wp-json\/wp\/v2\/posts"}],"about":[{"href":"https:\/\/www.focolare.org\/es\/wp-json\/wp\/v2\/types\/post"}],"author":[{"embeddable":true,"href":"https:\/\/www.focolare.org\/es\/wp-json\/wp\/v2\/users\/27"}],"replies":[{"embeddable":true,"href":"https:\/\/www.focolare.org\/es\/wp-json\/wp\/v2\/comments?post=310384"}],"version-history":[{"count":0,"href":"https:\/\/www.focolare.org\/es\/wp-json\/wp\/v2\/posts\/310384\/revisions"}],"wp:attachment":[{"href":"https:\/\/www.focolare.org\/es\/wp-json\/wp\/v2\/media?parent=310384"}],"wp:term":[{"taxonomy":"category","embeddable":true,"href":"https:\/\/www.focolare.org\/es\/wp-json\/wp\/v2\/categories?post=310384"},{"taxonomy":"post_tag","embeddable":true,"href":"https:\/\/www.focolare.org\/es\/wp-json\/wp\/v2\/tags?post=310384"}],"curies":[{"name":"wp","href":"https:\/\/api.w.org\/{rel}","templated":true}]}}