{"id":310396,"date":"2019-06-03T20:02:30","date_gmt":"2019-06-03T18:02:30","guid":{"rendered":"https:\/\/www.focolare.org\/juntos-por-europa-en-camino-por-la-unidad-de-los-pueblos\/"},"modified":"2024-05-15T20:49:13","modified_gmt":"2024-05-15T18:49:13","slug":"juntos-por-europa-en-camino-por-la-unidad-de-los-pueblos","status":"publish","type":"post","link":"https:\/\/www.focolare.org\/es\/juntos-por-europa-en-camino-por-la-unidad-de-los-pueblos\/","title":{"rendered":"Juntos por Europa: en camino por la unidad de los pueblos"},"content":{"rendered":"<p><em>Son muchas las citas realizadas y programadas en varias localidades del continente con testimonios y proyectos concretos<\/em>  <strong>El 9 de mayo de 1950<\/strong> <a href=\"https:\/\/es.wikipedia.org\/wiki\/Robert_Schuman\" target=\"_blank\" rel=\"noopener noreferrer\">Robert Schuman<\/a>, uno de los padres fundadores de Europa y primer Presidente de la Asamblea parlamentaria europea, present\u00f3 el plan de cooperaci\u00f3n econ\u00f3mica con el objetivo de formar una futura uni\u00f3n federal. Cinco a\u00f1os antes, siempre el 9 de mayo de 1945, Europa vio el final de la sangrienta guerra que la hab\u00eda arrasado y destruido.  En toda Europa se recuerda esta fecha y por tal motivo varias citas han iluminado muchas ciudades y comunidades que se han interrogado acerca de por cu\u00e1l futuro quieren apostar los ciudadanos del Viejo Continente.  Desde Bruselas, la capital de la Uni\u00f3n Europea a Praga, de pa\u00edses como Eslovenia, Suiza, Francia, Alemania,Austria, Italia y muchos otros, <strong>miles de ciudadanos de m\u00e1s de 300 confesiones religiosas han participado a congresos, seminarios, momentos de oraci\u00f3n, promovidos por \u201c<a href=\"http:\/\/www.together4europe.org\/en\/\" target=\"_blank\" rel=\"noopener noreferrer\">Juntos por Europa<\/a>\u201d (IPE), un organismo internacional conformado por Comunidades y Movimientos que act\u00faan juntos por fines compartidos, aportando cada uno su proprio carisma.<\/strong>  <strong>Algunas citas importantes tuvieron lugar en Roma, Palermo y Castelgandolfo.<\/strong>  <strong>El grupo de Movimientos y Comunidades de Roma acogi\u00f3 plenamente la invitaci\u00f3n de emprender un camino de oraci\u00f3n durante seis semanas, del 25 de marzo al 9 de mayo de 2019<\/strong>, involucrando las comunidades de las cinco Bas\u00edlicas que est\u00e1n vinculadas a los Santos Patronos de Europa, el camino se concluy\u00f3 con una participada vigilia ecum\u00e9nica en la Bas\u00edlica romana de los XII Ap\u00f3stoles.  <strong>Los d\u00edas 8 y 11 de mayo tuvieron lugar dos citas donde se quizo profundizar en la perspectiva econ\u00f3mica y cultural.<\/strong> Dentro del \u201cEspacio Europa\u201d, sede de la representaci\u00f3n italiana de la Comisi\u00f3n Europea, se habl\u00f3 de migraci\u00f3n, finazas y ahorro, trabajo, soberanismo y eurocentrismo, con el Prof. Leonardo Becchetti. El economista, si bien no se inhibi\u00f3 a la hora de expresar sus cr\u00edticas ante la tentaci\u00f3n del soberanismo que est\u00e1 llevando a muchos pa\u00edses europeos a un aistamiento que ciertamente no produce frutos, ofreci\u00f3 perspectivas nuevas que hacen de la \u201cEscuela de econom\u00eda civil\u201d una protagonista de una serie de propuestas alternativas al actual modelo econ\u00f3mico.  <strong>En Castel Gandolfo<\/strong> el 11 de mayo tuvo lugar una velada cultural en la que participaron, adem\u00e1s de representantes de las Comunidades de Juntos por Europa, relatores como el Prof. Alberto Lo Presti que se refiri\u00f3 al \u201cDesigino de Europa seg\u00fan los Obispos de Roma\u201d, el Prof. Dimitrios Keramidas habl\u00f3 de \u201cEuropa y el Patriarcado de Constantinopla\u201d y P\u00e1l T\u00f3th sobre \u201cEste y Oeste en Europa\u201d.  <strong>En Palermo, el 9 de mayo, 1600 personas participaron en el congreso \u201cLa sociedad Europea redescubre sus valores cristianos\u201d<\/strong> promovido por varias comunidades cristianas de Juntos por Europa, una cita que lleg\u00f3 a la sexta edici\u00f3n. Se presentaron algunos proyectos concretos y numerosos testimonios de personas y grupos que han dado vida a iniciativas en la ciudad al servicio de los \u201c\u00faltimos\u201d, abriendo las puestas a los migrantes, desocupados, visitando a los presos, eligiendo la legalidad, trabajando en el campo de la prevenci\u00f3n ante el riesgo de las dependencias, especialmente al juego de azar, actuando a favor de una ciudadan\u00eda activa en los barrios que corren m\u00e1s riesgos o sensibilizando al tema de la ecolog\u00eda.  <strong>La pr\u00f3xima cita tendr\u00e1 lugar en Alemania, en Ottgaring y Ausburg, del 7 al 9 de noviembre por los 20 a\u00f1os de la fundaci\u00f3n de Juntos por Europa.<\/strong> <\/p>\n<p style=\"text-align: right;\"><em>Patrizia Mazzola<\/em><\/p>\n","protected":false},"excerpt":{"rendered":"<p>Son muchas las citas realizadas y programadas en varias localidades del continente con testimonios y proyectos concretos<\/p>\n","protected":false},"author":27,"featured_media":0,"comment_status":"open","ping_status":"open","sticky":false,"template":"","format":"standard","meta":{"give_campaign_id":0,"_seopress_robots_primary_cat":"","_seopress_titles_title":"","_seopress_titles_desc":"","_seopress_robots_index":"","_et_pb_use_builder":"","_et_pb_old_content":"","_et_gb_content_width":"","footnotes":""},"categories":[46],"tags":[],"class_list":["post-310396","post","type-post","status-publish","format-standard","hentry","category-sin-categorizar"],"_links":{"self":[{"href":"https:\/\/www.focolare.org\/es\/wp-json\/wp\/v2\/posts\/310396","targetHints":{"allow":["GET"]}}],"collection":[{"href":"https:\/\/www.focolare.org\/es\/wp-json\/wp\/v2\/posts"}],"about":[{"href":"https:\/\/www.focolare.org\/es\/wp-json\/wp\/v2\/types\/post"}],"author":[{"embeddable":true,"href":"https:\/\/www.focolare.org\/es\/wp-json\/wp\/v2\/users\/27"}],"replies":[{"embeddable":true,"href":"https:\/\/www.focolare.org\/es\/wp-json\/wp\/v2\/comments?post=310396"}],"version-history":[{"count":0,"href":"https:\/\/www.focolare.org\/es\/wp-json\/wp\/v2\/posts\/310396\/revisions"}],"wp:attachment":[{"href":"https:\/\/www.focolare.org\/es\/wp-json\/wp\/v2\/media?parent=310396"}],"wp:term":[{"taxonomy":"category","embeddable":true,"href":"https:\/\/www.focolare.org\/es\/wp-json\/wp\/v2\/categories?post=310396"},{"taxonomy":"post_tag","embeddable":true,"href":"https:\/\/www.focolare.org\/es\/wp-json\/wp\/v2\/tags?post=310396"}],"curies":[{"name":"wp","href":"https:\/\/api.w.org\/{rel}","templated":true}]}}