{"id":310402,"date":"2019-06-09T20:04:40","date_gmt":"2019-06-09T18:04:40","guid":{"rendered":"https:\/\/www.focolare.org\/menores-ayudar-al-crecimiento-promoviendo-el-bienestar\/"},"modified":"2024-05-15T20:49:15","modified_gmt":"2024-05-15T18:49:15","slug":"menores-ayudar-al-crecimiento-promoviendo-el-bienestar","status":"publish","type":"post","link":"https:\/\/www.focolare.org\/es\/menores-ayudar-al-crecimiento-promoviendo-el-bienestar\/","title":{"rendered":"\u00abMenores: ayudar al crecimiento, promoviendo el bienestar\u201d"},"content":{"rendered":"<p><em>Un proyecto de formaci\u00f3n continua con cursos para educadores y padres promovido por los Focolares<\/em>  Los primeros cursos comienzan en Italia en 2014, pero ya al a\u00f1o siguiente se repiten en todo el mundo. Son los cursos de capacitaci\u00f3n para la protecci\u00f3n de menores promovidos por el Movimiento de los Focolares y destinados a educadores y animadores, pero tambi\u00e9n para padres y la comunidad en general. El objetivo es \u201chacer red\u201d para fortalecer la capacidad de prevenci\u00f3n. \u201cCuanto m\u00e1s capacitados y sensibles estamos, m\u00e1s podemos prevenir situaciones de violencia\u201d, dice Viviana Colonnetti, psic\u00f3loga y psicoterapeuta, miembro de los Focolares de la Comisi\u00f3n para el Bienestar y Protecci\u00f3n de los menores y una de las coordinadoras del curso. La hemos entrevistado.  <strong><img loading=\"lazy\" decoding=\"async\" class=\"wp-image-188495 alignleft\" title=\"TAPA CUSTODIAR FINAL WEB\" src=\"https:\/\/www.focolare.org\/wp-content\/uploads\/2019\/06\/TAPA-CUSTODIAR-FINAL-WEB-90x90.jpg\" alt=\"TAPA CUSTODIAR FINAL WEB\" width=\"212\" height=\"212\" \/>\u00bfQu\u00e9 visi\u00f3n del ni\u00f1o inspira las actividades de formaci\u00f3n del Movimiento?<\/strong> \u201cEs la visi\u00f3n que nos transmiti\u00f3 Chiara Lubich, fundadora del Movimiento de los Focolares: el ni\u00f1o en el centro de nuestras actividades es otro Jes\u00fas a quien acoger, una persona para ayudar en su crecimiento y bienestar. Es la visi\u00f3n del Evangelio la que lleva a reconocer la dignidad de cada persona y promover la formaci\u00f3n integral del hombre\u201d.  <strong>\u00bfQu\u00e9 habilidades se requieren a los adultos encargados de menores?<\/strong> \u201cEs necesario que sean personas con equilibrio afectivo y emocional, capaces de escuchar y empat\u00eda, capaces de manejar grupos de ni\u00f1os y eventuales conflictos, que saben c\u00f3mo trabajar en equipo, a quienes les guste jugar y estar con los ni\u00f1os\u201d.  <strong>\u00bfTambi\u00e9n se ofrecen nociones de tipo jur\u00eddico sobre la relaci\u00f3n con los menores?<\/strong> \u201cHay normativas internas que ya est\u00e1n incluidas en las Pautas y son v\u00e1lidas para todo el Movimiento de los Focolares y otros aspectos legales deben adaptarse a cada pa\u00eds. Estas normativas se traducen en buenas pr\u00e1cticas, es decir, en comportamientos positivos y efectivos a seguir, y tambi\u00e9n indicamos algunos comportamientos a evitar, porque pueden convertirse en situaciones de riesgo\u201d.  <strong>El curso tambi\u00e9n trata el tema de la relaci\u00f3n con los padres de los menores. \u00bfQu\u00e9 tipo de relaci\u00f3n se quiere establecer?<\/strong> \u201cCon los padres queremos hacer un pacto educativo, como dice el papa Francisco, para trabajar juntos por el bien del ni\u00f1o, como un solo cuerpo. Por este motivo, al comienzo de las actividades, proponemos a los padres una reuni\u00f3n en la cual estructurar juntos el programa del a\u00f1o, para que los ni\u00f1os puedan recibir de los asistentes\/animadores los mismos mensajes que se dan en la familia. Adem\u00e1s, ofrecemos a los padres la oportunidad de participar en algunas de las actividades. Tratamos de apoyar a los ni\u00f1os y a los adolescentes en sus dificultades, por eso es importante dialogar y trabajar con los padres\u201d.  <strong><img loading=\"lazy\" decoding=\"async\" class=\"wp-image-188518 alignright\" title=\"Unknown\" src=\"https:\/\/www.focolare.org\/wp-content\/uploads\/2019\/06\/Unknown-e1560156326479.jpg\" alt=\"Unknown\" width=\"208\" height=\"189\" \/>El curso-b\u00e1sico en s\u00ed \u00bfagota la formaci\u00f3n?<\/strong> \u201cPara las personas en el Movimiento que est\u00e1n a cargo del cuidado de los ni\u00f1os, estos momentos educativos son parte de una formaci\u00f3n continua m\u00e1s amplia, que se alimenta constantemente de temas relacionados con el tema de los menores. Adem\u00e1s, tambi\u00e9n hemos comenzado a trabajar con los padres y la comunidad, porque hemos entendido que es el tejido el que puede garantizar la prevenci\u00f3n de la violencia contra los menores, porque, m\u00e1s all\u00e1 de las actividades, es la comunidad la que apoya a sus miembros. Y hemos obtenido resultados muy positivos\u201d.  <strong>Entre los interlocutores del Movimiento tambi\u00e9n hay instituciones, asociaciones y parroquias. Para ellos \u00bfse ha dise\u00f1ado instrumento espec\u00edfico?<\/strong> \u201cEl libro \u2018Custodiar la infancia\u2019 nace de la experiencia de cursos abiertos a la sociedad, asociaciones, parroquias, centros deportivos y organizaciones interesadas en el tipo de capacitaci\u00f3n que ofrecemos con nuestra visi\u00f3n antropol\u00f3gica. Fue publicado el a\u00f1o pasado en Argentina por la editorial Ciudad Nueva, que nos ofreci\u00f3 recopilar todo el material del curso en un volumen para poder llegar incluso a aquellas instituciones que no est\u00e1n en contacto directo con el Movimiento. Cada presentaci\u00f3n es seguida por un taller que nos permite hablar con profesionales, educadores y otras personas a quienes no podr\u00edamos llegar de otra manera. El libro acaba de publicarse en Brasil y se publicar\u00e1 en Italia en oto\u00f1o. <\/p>\n<p style=\"text-align: right;\"><em>Claudia Di Lorenzi<\/em><\/p>\n","protected":false},"excerpt":{"rendered":"<p>Un proyecto de formaci\u00f3n continua con cursos para educadores y padres promovido por los Focolares<\/p>\n","protected":false},"author":33,"featured_media":0,"comment_status":"open","ping_status":"open","sticky":false,"template":"","format":"standard","meta":{"give_campaign_id":0,"_seopress_robots_primary_cat":"","_seopress_titles_title":"","_seopress_titles_desc":"","_seopress_robots_index":"","_et_pb_use_builder":"","_et_pb_old_content":"","_et_gb_content_width":"","footnotes":""},"categories":[46],"tags":[],"class_list":["post-310402","post","type-post","status-publish","format-standard","hentry","category-sin-categorizar"],"_links":{"self":[{"href":"https:\/\/www.focolare.org\/es\/wp-json\/wp\/v2\/posts\/310402","targetHints":{"allow":["GET"]}}],"collection":[{"href":"https:\/\/www.focolare.org\/es\/wp-json\/wp\/v2\/posts"}],"about":[{"href":"https:\/\/www.focolare.org\/es\/wp-json\/wp\/v2\/types\/post"}],"author":[{"embeddable":true,"href":"https:\/\/www.focolare.org\/es\/wp-json\/wp\/v2\/users\/33"}],"replies":[{"embeddable":true,"href":"https:\/\/www.focolare.org\/es\/wp-json\/wp\/v2\/comments?post=310402"}],"version-history":[{"count":0,"href":"https:\/\/www.focolare.org\/es\/wp-json\/wp\/v2\/posts\/310402\/revisions"}],"wp:attachment":[{"href":"https:\/\/www.focolare.org\/es\/wp-json\/wp\/v2\/media?parent=310402"}],"wp:term":[{"taxonomy":"category","embeddable":true,"href":"https:\/\/www.focolare.org\/es\/wp-json\/wp\/v2\/categories?post=310402"},{"taxonomy":"post_tag","embeddable":true,"href":"https:\/\/www.focolare.org\/es\/wp-json\/wp\/v2\/tags?post=310402"}],"curies":[{"name":"wp","href":"https:\/\/api.w.org\/{rel}","templated":true}]}}