{"id":310456,"date":"2019-07-30T20:04:04","date_gmt":"2019-07-30T18:04:04","guid":{"rendered":"https:\/\/www.focolare.org\/mariapolis-europea-3-un-pacto-de-unidad-para-la-fraternidad-de-los-pueblos\/"},"modified":"2024-05-15T20:49:23","modified_gmt":"2024-05-15T18:49:23","slug":"mariapolis-europea-3-un-pacto-de-unidad-para-la-fraternidad-de-los-pueblos","status":"publish","type":"post","link":"https:\/\/www.focolare.org\/es\/mariapolis-europea-3-un-pacto-de-unidad-para-la-fraternidad-de-los-pueblos\/","title":{"rendered":"Mari\u00e1polis Europea\/3 &#8211; Un pacto de unidad para la fraternidad de los pueblos"},"content":{"rendered":"<p><em>\u00bfTiene sentido a\u00fan esforzarse por la fraternidad en pol\u00edtica? En la Mari\u00e1polis Europea, el 10 de agosto pr\u00f3ximo se renovar\u00e1 el pacto por la fraternidad de los pueblos, estipulado por primera vez 60 a\u00f1os atr\u00e1s. Hemos hablado al respecto con Marco Titli del Movimiento Pol\u00edtico por la Unidad de los Focolares.<\/em>  Era el 22 de agosto de 1959, los ecos de la guerra a\u00fan se hac\u00edan o\u00edr, pero al terminar la Mari\u00e1polis, en el valle de Primiero, en los Alpes Dolomitas, representantes de los cinco continentes realizaron un pacto de unidad: rezaron en nueve idiomas, consagraron sus pueblos a Mar\u00eda. Quisieron significar que la unidad era posible. A distancia de 60 a\u00f1os, viendo la actualidad pol\u00edtica, esa propuesta de realizar un pacto de unidad por la fraternidad de los pueblos pareciera ut\u00f3pica; ya sea que provenga \u201cde abajo\u201d, como sucedi\u00f3 en 1959, o bien que nazca de una iniciativa de los gobiernos. \u00bfTenemos que resignarnos o tiene sentido a\u00fan comprometerse y esforzarse por la fraternidad en pol\u00edtica? Hemos hablado con <strong>Marco Titli,<\/strong> 33 a\u00f1os, colaborador parlamentario, comprometido en el Movimiento Pol\u00edtico por la Unidad de los Focolares, miembro de la junta de distrito en su ciudad, Tur\u00edn:  <strong>Frente a una Europa dividida entre integraci\u00f3n y particularismos, \u00bfqu\u00e9 mensaje ofrece la Mari\u00e1polis Europea?<\/strong> \u201cLa tarea de la Mari\u00e1polis no es la de entrar en la dial\u00e9ctica pol\u00edtica. El mensaje que queremos dar es que la unidad de Europa es un valor que hay que custodiar, en el respeto de las identidades de cada pa\u00eds. Si Europa se quiebra volvemos a las fronteras fortificadas, mientras que los puentes y los caminos ampl\u00edan la mirada y dan bienestar. El Movimiento de los Focolares se pone en red con otras instancias de la Iglesia Cat\u00f3lica, como en lo referente a la moci\u00f3n en contra de las exportaciones de armas a Yemen, o bien respecto de la batalla contra los juegos de azar\u201d.  <strong>La crisis de confianza para con los partidos se ha agudizado y los ciudadanos renuncian a participar activamente. \u00bfC\u00f3mo se puede reconstruir esa confianza?<\/strong> \u201cAl lado de la crisis de la pol\u00edtica veo la de los medios de comunicaci\u00f3n que enfatizan las malas noticias. Muchos alcaldes arriesgan su vida para combatir la criminalidad organizada o ponen en riesgo su reputaci\u00f3n actuando con mucha valent\u00eda en su ciudad. A nivel nacional tambi\u00e9n hay pol\u00edticos que luchan por el bien com\u00fan. Salgamos de la apat\u00eda: hay mucha gente que quiere hacer bien las cosas hoy en pol\u00edtica\u201d.  <strong>Ser coherentes con sus propios ideales a veces puede dejar descontento a alguien. \u00bfCu\u00e1l es el criterio para actuar en pol\u00edtica?<\/strong> \u201cSi se hace pol\u00edtica hay que estar dispuestos a contemporizar, porque vivimos en una realidad compleja, pero no cualquier tipo de concesi\u00f3n. Frente a pr\u00e1cticas il\u00edcitas o hechos graves hay que decir que no, y ello tambi\u00e9n significa arriesgar: muchos administradores cayeron porque dijeron que no y no fueron comprendidos ni siquiera por su propia gente. Pero si se rechaza el poder contemporizar y se entra a la pol\u00edtica para defender las propias ideas se introduce la divisi\u00f3n. Es un camino dif\u00edcil que encuentra resistencias, pero el pol\u00edtico est\u00e1 llamado a escuchar los intereses particulares, a componerlos en un mosaico\u201d.  <strong>\u00bfPuedes contarnos alguna iniciativa de colaboraci\u00f3n entre partidos en tu ciudad?<\/strong> \u201cEstaban construyendo un puente cerca de una estaci\u00f3n ferroviaria de la ciudad de Tur\u00edn, que une dos partes de la ciudad que antes estaban separadas por el ferrocarril. Junto a algunos otros de mi distrito y del distrito que se unir\u00eda del otro lado del puente, propuse ponerle como t\u00edtulo a esa estructura \u201cUni\u00f3n Europea\u201d, s\u00edmbolo de la unidad entre pueblos diferentes. El proyecto fue votado y aprobado por unanimidad, y varias fuerzas pol\u00edticas estaban presentes cuando colocamos el nombre. Fue un momento de esperanza: yo espero y deseo que signos como \u00e9ste puedan reconstruir en los ciudadanos la confianza en la pol\u00edtica\u201d. <\/p>\n<p style=\"text-align: right;\"><em>Claudia Di Lorenzi<\/em><\/p>\n<p> Immagine:\u00a9 Ufficio stampa Mariapoli Europea<\/p>\n","protected":false},"excerpt":{"rendered":"<p>\u00bfTiene sentido a\u00fan esforzarse por la fraternidad en pol\u00edtica? En la Mari\u00e1polis Europea, el 10 de agosto pr\u00f3ximo se renovar\u00e1 el pacto por la fraternidad de los pueblos, estipulado por pri<\/p>\n","protected":false},"author":33,"featured_media":0,"comment_status":"open","ping_status":"open","sticky":false,"template":"","format":"standard","meta":{"give_campaign_id":0,"_seopress_robots_primary_cat":"","_seopress_titles_title":"","_seopress_titles_desc":"","_seopress_robots_index":"","_et_pb_use_builder":"","_et_pb_old_content":"","_et_gb_content_width":"","footnotes":""},"categories":[46],"tags":[],"class_list":["post-310456","post","type-post","status-publish","format-standard","hentry","category-sin-categorizar"],"_links":{"self":[{"href":"https:\/\/www.focolare.org\/es\/wp-json\/wp\/v2\/posts\/310456","targetHints":{"allow":["GET"]}}],"collection":[{"href":"https:\/\/www.focolare.org\/es\/wp-json\/wp\/v2\/posts"}],"about":[{"href":"https:\/\/www.focolare.org\/es\/wp-json\/wp\/v2\/types\/post"}],"author":[{"embeddable":true,"href":"https:\/\/www.focolare.org\/es\/wp-json\/wp\/v2\/users\/33"}],"replies":[{"embeddable":true,"href":"https:\/\/www.focolare.org\/es\/wp-json\/wp\/v2\/comments?post=310456"}],"version-history":[{"count":0,"href":"https:\/\/www.focolare.org\/es\/wp-json\/wp\/v2\/posts\/310456\/revisions"}],"wp:attachment":[{"href":"https:\/\/www.focolare.org\/es\/wp-json\/wp\/v2\/media?parent=310456"}],"wp:term":[{"taxonomy":"category","embeddable":true,"href":"https:\/\/www.focolare.org\/es\/wp-json\/wp\/v2\/categories?post=310456"},{"taxonomy":"post_tag","embeddable":true,"href":"https:\/\/www.focolare.org\/es\/wp-json\/wp\/v2\/tags?post=310456"}],"curies":[{"name":"wp","href":"https:\/\/api.w.org\/{rel}","templated":true}]}}