{"id":310480,"date":"2019-08-16T20:03:28","date_gmt":"2019-08-16T18:03:28","guid":{"rendered":"https:\/\/www.focolare.org\/paz-legalidad-derechos-humanos-el-compromiso-de-los-jovenes-de-los-focolares-para-el-2020\/"},"modified":"2024-05-15T20:49:27","modified_gmt":"2024-05-15T18:49:27","slug":"paz-legalidad-derechos-humanos-el-compromiso-de-los-jovenes-de-los-focolares-para-el-2020","status":"publish","type":"post","link":"https:\/\/www.focolare.org\/es\/paz-legalidad-derechos-humanos-el-compromiso-de-los-jovenes-de-los-focolares-para-el-2020\/","title":{"rendered":"Paz, legalidad, derechos humanos: el compromiso de los j\u00f3venes de los Focolares para el 2020"},"content":{"rendered":"<p><em>#intimeforpeace \u2013 a tiempo por la paz: es el hashtag que expresa el compromiso de los j\u00f3venes de los Focolares para el pr\u00f3ximo a\u00f1o y que ya se encuentra en el centro de algunos campus universitarios, en workshops y cursos en distintas partes del mundo. A partir de Loppiano (Italia).<\/em>  Hasta mayo de 2019 se concentraron en acciones y campa\u00f1as para una Econom\u00eda m\u00e1s humana, de comuni\u00f3n, atenta a los que no tienen, pero desde hace un par de meses los j\u00f3venes de los Focolares han empezado a trabajar tambi\u00e9n en los distintos \u00e1mbitos de la Justicia. S\u00ed, porque Econom\u00eda y Justicia con los primeros dos pasos de<a href=\"http:\/\/www.unitedworldproject.org\/en\/get-involved\/pathways-for-a-united-world\/\" target=\"_blank\" rel=\"noopener noreferrer\"> Pathways for a United World:<\/a> seis recorridos de la duraci\u00f3n de un a\u00f1o cada uno, en los que se est\u00e1 concentrando el compromiso y la acci\u00f3n de los<a href=\"http:\/\/y4uw.org\/it\/\" target=\"_blank\" rel=\"noopener noreferrer\"> J\u00f3venes por un Mundo Unido<\/a> (JMU) en todas las latitudes. \u201cCada a\u00f1o afrontamos un desaf\u00edo distinto, sin olvidar por ello el compromiso que nos hemos asumido el a\u00f1o anterior\u201d \u2013 nos lo explica uno de los organizadores \u2013 \u201cnuestro compromiso se refiere a la econom\u00eda, la justicia, el arte, el di\u00e1logo entre culturas, el deporte, y estamos poniendo en movimiento acciones, colaboraciones y proyectos basados en la fraternidad, con un impacto local, pero que se abre a lo global\u201d.  \u201cIn time for peace\u201d es entonces el lema que resume el compromiso de este pr\u00f3ximo a\u00f1o que concluir\u00e1 en Corea, del 1 al 7 de mayo de 2020. Mientras tanto hay varios momentos de encuentro para la formaci\u00f3n, la profundizaci\u00f3n y el intercambio \u201cmundial\u201d de los Gen y los J\u00f3venes por un mundo Unido en temas de justicia, paz, legalidad y derechos humanos.  Significativo fue el de Loppiano, en donde, desde el 7 hasta el 22 de julio pasados se llev\u00f3 a cabo una Summer School con 40 j\u00f3venes de muchos pa\u00edses, entre los cuales Corea, Hong Kong, Malta, Escocia, Italia, Brasil, Cuba, Myanmar, Polonia, Colombia.  Maria Giovanna Rigatelli, abogada, de la red de Comuni\u00f3n y Derecho, particip\u00f3 en calidad de experta, poniendo en claro la importancia de experiencias similares que permiten a los j\u00f3venes sumergirse tanto en el patrimonio cultural como en las heridas de los distintos pa\u00edses con los cuales se contactan. \u00abViendo la situaci\u00f3n mundial se constata una falta de conocimiento del valor de los derechos de los hombres. Durante la escuela surgi\u00f3 la importancia del compromiso personal para dar nuestra contribuci\u00f3n, por ejemplo, en el drama de las dos Coreas, o en el problema de Hong Kong. En esos lugares del mundo se puede encender una luz a trav\u00e9s de nuestro compromiso\u00bb.  \u00abNuestra naci\u00f3n est\u00e1 dividida en dos \u2013 coment\u00f3 Y., coreana \u2013 y tenemos muchas heridas que, sin embargo, no justifican esta divisi\u00f3n. Para conseguir la paz debemos aprender a dialogar. Durante la escuela pens\u00e9: si seguimos amando, amando y amando, tal vez, al final, conseguiremos unir las dos Coreas\u00bb.  Y a prop\u00f3sito de la crisis que est\u00e1 viviendo su pa\u00eds, D. Explic\u00f3: \u00abAntes de venir ac\u00e1, sucedieron muchas cosas en Hong Kong que me hicieron pensar que la paz podr\u00eda no ser el \u00fanico modo para resolver los problemas y que, tal vez, tengamos necesidad de usar la violencia. Me sent\u00eda frustrado. Pero me gust\u00f3 mucho lo que viv\u00ed aqu\u00ed y me qued\u00e9 muy contento con las personas que hablaron conmigo sobre la paz. Este a\u00f1o, como j\u00f3venes, profundizaremos y viviremos el \u201cpathway\u201d (sendero) dedicado a los derechos humanos, a la justicia y la paz. Entonces me pregunto: \u00bfest\u00e1 bien usar la violencia?, \u00bfest\u00e1 bien que la gente quede herida o muera? Aqu\u00ed aprend\u00ed c\u00f3mo amar a los dem\u00e1s y c\u00f3mo enfocarme en el amor entre nosotros. S\u00e9 que recorrer el camino hacia la paz es dif\u00edcil, pero creo que tenemos que tratar de recorrerlo sin usar la violencia. Cuando vuelva a casa, quiero poner en pr\u00e1ctica lo que he experimentado en Loppiano, para amar a las personas de Hong Kong, incluso a las que odio\u00bb. <\/p>\n<p style=\"text-align: right;\"><em>Stefania Tanesini<\/em><\/p>\n","protected":false},"excerpt":{"rendered":"<p>#intimeforpeace \u2013 a tiempo por la paz: es el hashtag que expresa el compromiso de los j\u00f3venes de los Focolares para el pr\u00f3ximo a\u00f1o y que ya se encuentra en el centro de algunos campus universitarios, en workshops y cursos en distintas partes del mundo. A partir de Loppiano (Italia).<\/p>\n","protected":false},"author":33,"featured_media":0,"comment_status":"open","ping_status":"open","sticky":false,"template":"","format":"standard","meta":{"give_campaign_id":0,"_seopress_robots_primary_cat":"","_seopress_titles_title":"","_seopress_titles_desc":"","_seopress_robots_index":"","_et_pb_use_builder":"","_et_pb_old_content":"","_et_gb_content_width":"","footnotes":""},"categories":[46],"tags":[],"class_list":["post-310480","post","type-post","status-publish","format-standard","hentry","category-sin-categorizar"],"_links":{"self":[{"href":"https:\/\/www.focolare.org\/es\/wp-json\/wp\/v2\/posts\/310480","targetHints":{"allow":["GET"]}}],"collection":[{"href":"https:\/\/www.focolare.org\/es\/wp-json\/wp\/v2\/posts"}],"about":[{"href":"https:\/\/www.focolare.org\/es\/wp-json\/wp\/v2\/types\/post"}],"author":[{"embeddable":true,"href":"https:\/\/www.focolare.org\/es\/wp-json\/wp\/v2\/users\/33"}],"replies":[{"embeddable":true,"href":"https:\/\/www.focolare.org\/es\/wp-json\/wp\/v2\/comments?post=310480"}],"version-history":[{"count":0,"href":"https:\/\/www.focolare.org\/es\/wp-json\/wp\/v2\/posts\/310480\/revisions"}],"wp:attachment":[{"href":"https:\/\/www.focolare.org\/es\/wp-json\/wp\/v2\/media?parent=310480"}],"wp:term":[{"taxonomy":"category","embeddable":true,"href":"https:\/\/www.focolare.org\/es\/wp-json\/wp\/v2\/categories?post=310480"},{"taxonomy":"post_tag","embeddable":true,"href":"https:\/\/www.focolare.org\/es\/wp-json\/wp\/v2\/tags?post=310480"}],"curies":[{"name":"wp","href":"https:\/\/api.w.org\/{rel}","templated":true}]}}