{"id":310490,"date":"2019-08-25T20:01:27","date_gmt":"2019-08-25T18:01:27","guid":{"rendered":"https:\/\/www.focolare.org\/el-tiempo-de-la-creacion\/"},"modified":"2024-05-15T20:49:28","modified_gmt":"2024-05-15T18:49:28","slug":"el-tiempo-de-la-creacion","status":"publish","type":"post","link":"https:\/\/www.focolare.org\/es\/el-tiempo-de-la-creacion\/","title":{"rendered":"El \u201cTiempo de la Creaci\u00f3n\u201d"},"content":{"rendered":"<p><em>Con la jornada mundial de oraci\u00f3n por la custodia de la creaci\u00f3n, el 1 de septiembre comenzar\u00e1 un mes lleno de iniciativas para el cuidado del medio ambiente y no solo. Entrevista con Cecilia Dall\u2019Oglio del Global Catholic Climate Movement.<\/em>  <strong>\u00bfQu\u00e9 tienen en com\u00fan el tema ambiental y el ecumenismo?<\/strong>  Mucho, es m\u00e1s much\u00edsimo, si consideramos que en 1989 fue el patriarca de la Iglesia Ortodoxa de Constantinopla, Dimitrios, que dio el impulso decisivo a las diferentes Iglesias cristianas para declarar conjuntamente el 1 de septiembre el D\u00eda Mundial de Oraci\u00f3n por la custodia de la creaci\u00f3n.  Este a\u00f1o, el aniversario est\u00e1 enmarcado en un a\u00f1o lleno de acciones globales por el clima, gracias tambi\u00e9n a la aceleraci\u00f3n dada por los millones de j\u00f3venes que, con Greta Thunberg, se han movilizado y sacudido las conciencias y llamado a los parlamentos.  \u201cNo solo las personas sino tambi\u00e9n nuestras comunidades deber\u00edan preguntarse sobre la sostenibilidad ambiental de sus actividades\u201d, dice Luca Fiorani, f\u00edsico y coordinador internacional de <a href=\"http:\/\/www.ecoone.org\/en\/\" target=\"_blank\" rel=\"noopener noreferrer\"><em>EcoOne<\/em><\/a>, un movimiento cultural inspirado en la espiritualidad de los Focolares en el campo ambiental. \u201cY para comenzar a cambiar la mentalidad y adoptar un estilo de vida ecol\u00f3gico, primero es necesario informarse\u201d. Me hago publicidad: acabo de publicar un peque\u00f1o libro de menos de 80 p\u00e1ginas: <em>Il sogno (folle) di Francesco. Piccolo manuale (scientifico) di ecologia integrale. <\/em>Llevo de la mano al lector entre los conceptos clave de <a href=\"http:\/\/w2.vatican.va\/content\/francesco\/es\/encyclicals\/documents\/papa-francesco_20150524_enciclica-laudato-si.html\" target=\"_blank\" rel=\"noopener noreferrer\">la enc\u00edclica <em>Laudato Si<\/em><\/a>&#8216;, los resultados recientes de las negociaciones internacionales sobre el cambio clim\u00e1tico y los datos cient\u00edficos m\u00e1s actualizados sobre el estado de salud de nuestro planeta\u201d.  Luca Fiorani tambi\u00e9n explica que EcoOne colabora desde hace unos diez a\u00f1os con el <a href=\"https:\/\/catholicclimatemovement.global\/es\" target=\"_blank\" rel=\"noopener noreferrer\"><em>Global Catholic Climate Movement.<\/em><\/a> Cecilia Dall\u2019Oglio es responsable de los programas de la organizaci\u00f3n y le hemos hecho algunas preguntas.  <strong>&#8211; \u00bfCu\u00e1l es su compromiso personal con el medio ambiente?<\/strong>  El deseo de no abandonar a mis hermanos y hermanas en el mundo que sufren por las mismas causas que sufre nuestra madre tierra. El deseo de dar mi contribuci\u00f3n para que otros puedan tener la experiencia directa de encuentro, que he podido hacer yo, con testigos de esperanza, de una Iglesia viva comprometida con la justicia social.  En la <em>Laudato si&#8217;<\/em> el papa Francisco, de hecho, nos recuerda que \u201cno hay dos crisis separadas, una ambiental y otra social, sino una sola y compleja crisis socio-ambiental (\u2026) que requieren una aproximaci\u00f3n integral para combatir la pobreza, para devolver la dignidad a los excluidos y simult\u00e1neamente para cuidar la naturaleza\u201d (LS 139). Trabaj\u00e9 durante m\u00e1s de veinte a\u00f1os con el FOCSIV en la coordinaci\u00f3n de campa\u00f1as por la justicia social junto con las oficinas del CEI y las asociaciones cat\u00f3licas laicas y me gustar\u00eda mencionar de manera especial al querido Marco Aquini del Movimiento de los Focolares. Este anuncio, esta resistencia activa, debe ser verdaderamente eficaz y liberar a los pobres que lloran y, por esta raz\u00f3n, ahora estoy feliz de aceptar el desaf\u00edo actual al servicio del Movimiento Cat\u00f3lico Clim\u00e1tico Global del cual el Movimiento de los Focolares es miembro activo.  <strong>&#8211; \u00bfCu\u00e1l es el \u201cplus\u201d que la fe puede aportar al movimiento ecologista?<\/strong>  La fe es esencial para llevar el enfoque de la ecolog\u00eda integral al campo ambiental. La conversi\u00f3n ecol\u00f3gica y la adopci\u00f3n de nuevos estilos de vida son propuestas para una alegr\u00eda plena, esa \u201csobriedad feliz\u201d de la que tambi\u00e9n habla el <em>Instrumentum laboris<\/em> del S\u00ednodo Especial de la Amazonia, la plenitud de la vida, la verdadera libertad. Todos los cristianos est\u00e1n llamados a ser custodios de la Creaci\u00f3n de Dios porque \u201cvivir la vocaci\u00f3n de ser protectores de la obra de Dios es parte esencial de una existencia virtuosa, no consiste en algo opcional ni en un aspecto secundario de la experiencia cristiana\u201d (LS 217). El <em>Global Catholic Climate Movement<\/em> naci\u00f3 en 2015 para apoyar a las comunidades cat\u00f3licas de todo el mundo a responder al llamamiento urgente del papa Francisco en <em>Laudato Si&#8217;<\/em> a trav\u00e9s de una conversi\u00f3n ecol\u00f3gica a nivel espiritual que conduzca a estilos de vida renovados y a una participaci\u00f3n conjunta de los cat\u00f3licos en las movilizaciones por la justicia clim\u00e1tica.  &#8211; <strong>\u00bfQu\u00e9 es el \u201cTiempo de la creaci\u00f3n\u201d y qu\u00e9 podemos hacer para adherirnos?<\/strong>  <img loading=\"lazy\" decoding=\"async\" class=\"alignleft wp-image-190762\" title=\"season of creation 2017\" src=\"https:\/\/www.focolare.org\/wp-content\/uploads\/2019\/08\/season-of-creation-2017-90x42.png\" alt=\"season of creation 2017\" width=\"350\" height=\"165\" \/><a href=\"http:\/\/seasonofcreation.org\/es\/home-es\/\" target=\"_blank\" rel=\"noopener noreferrer\">El Tiempo de la creaci\u00f3n<\/a> es un \u201ctiempo favorable\u201d, un <em>Kairos,<\/em> durante el cual rezamos y actuamos por el cuidado de nuestra casa com\u00fan. Se celebra entre el 1 de septiembre, Jornada mundial de oraci\u00f3n por el cuidado de la creaci\u00f3n, hasta el 4 de octubre, fiesta de san Francisco, y es celebrado por miles de cristianos en todo el mundo. El tema de este a\u00f1o \u201cLa red de la vida: la biodiversidad como un regalo de Dios. Est\u00e1 estrechamente relacionado con el S\u00ednodo de los Obispos para la regi\u00f3n Panamaz\u00f3nica que se celebrar\u00e1 el pr\u00f3ximo octubre. Miles de cristianos en todo el mundo celebran el tiempo de la creaci\u00f3n llevando a cabo eventos. Una gu\u00eda de celebraciones y otras herramientas en varios idiomas est\u00e1 disponible en el sitio <em>Tiempo de la creaci\u00f3n<\/em>.  Gracias al tema elegido para las celebraciones, los eventos har\u00e1n sentir nuestra cercan\u00eda con los hermanos y hermanas en la Amazon\u00eda y con todos aquellos que sufren por la \u201cmentalidad extractiva\u201d que est\u00e1 destruyendo no solo la Amazon\u00eda sino toda la creaci\u00f3n, por lo tanto, son un claro signo de comuni\u00f3n eclesial y apoyo en el itinerario de la Iglesia hacia el S\u00ednodo. <\/p>\n<p style=\"text-align: right;\"><em>Stefania Tanesini<\/em><\/p>\n","protected":false},"excerpt":{"rendered":"<p>Con la jornada mundial de oraci\u00f3n por la custodia de la creaci\u00f3n, el 1 de septiembre comenzar\u00e1 un mes lleno de iniciativas para el cuidado del medio ambiente y no solo. Entrevista con Cecilia Dall\u2019Oglio del Global Catholic Climate Movement.<\/p>\n","protected":false},"author":24,"featured_media":0,"comment_status":"open","ping_status":"open","sticky":false,"template":"","format":"standard","meta":{"give_campaign_id":0,"_seopress_robots_primary_cat":"","_seopress_titles_title":"","_seopress_titles_desc":"","_seopress_robots_index":"","_et_pb_use_builder":"","_et_pb_old_content":"","_et_gb_content_width":"","footnotes":""},"categories":[46],"tags":[],"class_list":["post-310490","post","type-post","status-publish","format-standard","hentry","category-sin-categorizar"],"_links":{"self":[{"href":"https:\/\/www.focolare.org\/es\/wp-json\/wp\/v2\/posts\/310490","targetHints":{"allow":["GET"]}}],"collection":[{"href":"https:\/\/www.focolare.org\/es\/wp-json\/wp\/v2\/posts"}],"about":[{"href":"https:\/\/www.focolare.org\/es\/wp-json\/wp\/v2\/types\/post"}],"author":[{"embeddable":true,"href":"https:\/\/www.focolare.org\/es\/wp-json\/wp\/v2\/users\/24"}],"replies":[{"embeddable":true,"href":"https:\/\/www.focolare.org\/es\/wp-json\/wp\/v2\/comments?post=310490"}],"version-history":[{"count":0,"href":"https:\/\/www.focolare.org\/es\/wp-json\/wp\/v2\/posts\/310490\/revisions"}],"wp:attachment":[{"href":"https:\/\/www.focolare.org\/es\/wp-json\/wp\/v2\/media?parent=310490"}],"wp:term":[{"taxonomy":"category","embeddable":true,"href":"https:\/\/www.focolare.org\/es\/wp-json\/wp\/v2\/categories?post=310490"},{"taxonomy":"post_tag","embeddable":true,"href":"https:\/\/www.focolare.org\/es\/wp-json\/wp\/v2\/tags?post=310490"}],"curies":[{"name":"wp","href":"https:\/\/api.w.org\/{rel}","templated":true}]}}