{"id":310492,"date":"2019-08-28T20:01:48","date_gmt":"2019-08-28T18:01:48","guid":{"rendered":"https:\/\/www.focolare.org\/jovenes-y-legalidad-siguiendo-las-huellas-de-pathways-for-a-united-world\/"},"modified":"2024-05-15T20:49:28","modified_gmt":"2024-05-15T18:49:28","slug":"jovenes-y-legalidad-siguiendo-las-huellas-de-pathways-for-a-united-world","status":"publish","type":"post","link":"https:\/\/www.focolare.org\/es\/jovenes-y-legalidad-siguiendo-las-huellas-de-pathways-for-a-united-world\/","title":{"rendered":"J\u00f3venes y legalidad, siguiendo las huellas de Pathways for a United World"},"content":{"rendered":"<p><em>Campus en Bolonia (Italia) sobre legalidad, promovido por J\u00f3venes por un Mundo Unido del Movimiento de los Focolares. Un espacio de formaci\u00f3n, participaci\u00f3n y acciones sociales para activar procesos de cambio y reconstituci\u00f3n del tejido social.<\/em>  <img loading=\"lazy\" decoding=\"async\" class=\"alignleft wp-image-190613\" title=\"27175c27 fc40 4d3b 9de2 046783b520e4\" src=\"https:\/\/www.focolare.org\/wp-content\/uploads\/2019\/08\/27175c27-fc40-4d3b-9de2-046783b520e4-90x120.jpg\" alt=\"27175c27 fc40 4d3b 9de2 046783b520e4\" width=\"350\" height=\"467\" \/>Del 20 al 28 de julio, unos cuarenta j\u00f3venes de casi todas las regiones de Italia se reunieron en Bolonia (Italia) para dar vida a un <em>Campus<\/em> durante el cual pod\u00edan involucrarse concretamente en favor de los dem\u00e1s. Han conocido y trabajado con asociaciones y grupos que se dedican en el \u00e1mbito civil, como la integraci\u00f3n de inmigrantes y la lucha contra los juegos de azar. Colaboraron con centros de verano y juveniles, comedores, encontrando formas diferentes y originales de hacer las cosas.  \u201cEl Campus \u2013 explica Francesco Palmieri, uno de los organizadores \u2013 naci\u00f3 de una primera experiencia en Siracusa, hace algunos a\u00f1os, que tuvo \u00e9xito y luego se repiti\u00f3 en Roma y Tur\u00edn. Este a\u00f1o, en Bolonia, los j\u00f3venes han identificado el barrio de Cirenaica, un barrio multi\u00e9tnico en el que la situaci\u00f3n social es muy compleja. \u201cEl Campus es una experiencia de compromiso civil que parte de j\u00f3venes para otros j\u00f3venes como nosotros, para responder a la pregunta: \u00bfpodemos hacer algo?\u201d. Se habla de compromiso personal, por tanto, tambi\u00e9n durante los momentos de formaci\u00f3n con varios expertos, desde magistrados hasta profesores universitarios, desde voluntarios hasta sacerdotes y laicos involucrados en primera l\u00ednea en el \u00e1mbito civil. El tema de la legalidad se explicita en varios aspectos, como la acogida de migrantes, la lucha contra las mafias y juegos de azar. \u201cEsta experiencia del Campus \u2013 dice Francesco \u2013 nos enriquece y regresamos a casa con muchas respuestas a preguntas que quiz\u00e1s nunca nos hab\u00edamos hecho\u201d.  Entre los expertos estuvo la profesora Adriana Cosseddu, responsable de la red internacional de <a href=\"http:\/\/www.comunionediritto.org\/it\/\" target=\"_blank\" rel=\"noopener noreferrer\"><strong>Comuni\u00f3n y derecho<\/strong><\/a>. Le hicimos algunas preguntas:  <strong>Los j\u00f3venes de los Focolares lanzaron \u201c<a href=\"http:\/\/www.unitedworldproject.org\/en\/get-involved\/pathways-for-a-united-world\/\" target=\"_blank\" rel=\"noopener noreferrer\">Caminos para un mundo unido<\/a>\u201d, en 2018. Son seis itinerarios para un mundo unido, con acciones y estudios sobre seis temas principales. Despu\u00e9s del primero dedicado a la econom\u00eda, la comuni\u00f3n y el trabajo, este a\u00f1o con el segundo quieren profundizar en derechos humanos, justicia, legalidad, paz. \u00bfCu\u00e1les son los objetivos?<\/strong>  <strong><img loading=\"lazy\" decoding=\"async\" class=\"alignright wp-image-190614\" title=\"74cbcf7b 3e5a 4fbb 8ff5 8ecbc7ec1ec1\" src=\"https:\/\/www.focolare.org\/wp-content\/uploads\/2019\/08\/74cbcf7b-3e5a-4fbb-8ff5-8ecbc7ec1ec1-90x68.jpg\" alt=\"74cbcf7b 3e5a 4fbb 8ff5 8ecbc7ec1ec1\" width=\"350\" height=\"263\" \/><\/strong>\u201cSe trata de itinerarios que, junto con las comunidades de los Focolares de todo el mundo, los j\u00f3venes y los adolescentes se comprometen a vivir como protagonistas, para ayudar a hacer de la humanidad una familia. Los caminos son muchos, y este a\u00f1o hemos elegido cuatro: abrir las puertas al di\u00e1logo y a la aceptaci\u00f3n para que los <strong>derechos humanos<\/strong> sean reconocidos e implementados. Trabajar con todas las fuerzas por la <strong>paz<\/strong>, para que se pueda superar la l\u00f3gica de la confrontaci\u00f3n con el encuentro, y la paz se persiga universalmente como derecho de la humanidad. Pero para una paz aut\u00e9ntica necesitamos practicar la <strong>justicia<\/strong>, guardiana de las relaciones, que son la base de nuestra convivencia. Y esta es la importancia de la <strong>legalidad<\/strong>, que exige tambi\u00e9n a trav\u00e9s de normas y comportamientos la activaci\u00f3n de procesos capaces de romper la l\u00f3gica del beneficio y del privilegio, de la corrupci\u00f3n generalizada, para promover la imparcialidad y equidad\u201d.  <strong>\u00bfCu\u00e1l es el \u201calgo m\u00e1s\u201d que el carisma de la unidad da al derecho?<\/strong>  \u201cEl carisma de la unidad <strong>genera una nueva mirada sobre el otro<\/strong>: no el extra\u00f1o o un enemigo, del que me defiendo, sino que es un regalo para m\u00ed, en la riqueza de su diversidad. La reciprocidad, que seg\u00fan la ley se traduce en derechos &#8211; deberes, se convierte por el \u201calgo m\u00e1s\u201d del amor mutuo en un llamado a la responsabilidad hacia el otro, del cual debo ocuparme. As\u00ed, si hoy la ley tiende a proteger los derechos de las personas, el horizonte que Chiara Lubich nos ha abierto es el de una \u201cherramienta\u201d de comuni\u00f3n. Y la <em>comuni\u00f3n <\/em>indica un objetivo: trabajar para que las relaciones humanas concretas, tambi\u00e9n las que tienen lugar bajo el signo de la ley, ayuden a las partes involucradas a mirar m\u00e1s all\u00e1 de s\u00ed mismas y reconocerse mutuamente, en su dignidad y en sus respectivas necesidades, para abrirse a la colaboraci\u00f3n. De esta manera se generan fragmentos de fraternidad\u201d.  Pr\u00f3xima etapa del itinerario: <\/p>\n<ul>\n<li>Seminario internacional <em>\u201cDe los derechos humanos al derecho a la paz: en camino con la<\/em> <em>humanidad\u201d<\/em>, promovido por la red internacional \u201cComuni\u00f3n y derecho\u201d, en Loppiano (Italia), del 19 al 21 de septiembre de 2019.<\/li>\n<\/ul>\n","protected":false},"excerpt":{"rendered":"<p>Campus en Bolonia (Italia) sobre legalidad, promovido por J\u00f3venes por un Mundo Unido del Movimiento de los Focolares. Un espacio de formaci\u00f3n, participaci\u00f3n y acciones sociales para activar procesos de cambio y reconstituci\u00f3n del tejido social.<\/p>\n","protected":false},"author":24,"featured_media":0,"comment_status":"open","ping_status":"open","sticky":false,"template":"","format":"standard","meta":{"give_campaign_id":0,"_seopress_robots_primary_cat":"","_seopress_titles_title":"","_seopress_titles_desc":"","_seopress_robots_index":"","_et_pb_use_builder":"","_et_pb_old_content":"","_et_gb_content_width":"","footnotes":""},"categories":[46],"tags":[],"class_list":["post-310492","post","type-post","status-publish","format-standard","hentry","category-sin-categorizar"],"_links":{"self":[{"href":"https:\/\/www.focolare.org\/es\/wp-json\/wp\/v2\/posts\/310492","targetHints":{"allow":["GET"]}}],"collection":[{"href":"https:\/\/www.focolare.org\/es\/wp-json\/wp\/v2\/posts"}],"about":[{"href":"https:\/\/www.focolare.org\/es\/wp-json\/wp\/v2\/types\/post"}],"author":[{"embeddable":true,"href":"https:\/\/www.focolare.org\/es\/wp-json\/wp\/v2\/users\/24"}],"replies":[{"embeddable":true,"href":"https:\/\/www.focolare.org\/es\/wp-json\/wp\/v2\/comments?post=310492"}],"version-history":[{"count":0,"href":"https:\/\/www.focolare.org\/es\/wp-json\/wp\/v2\/posts\/310492\/revisions"}],"wp:attachment":[{"href":"https:\/\/www.focolare.org\/es\/wp-json\/wp\/v2\/media?parent=310492"}],"wp:term":[{"taxonomy":"category","embeddable":true,"href":"https:\/\/www.focolare.org\/es\/wp-json\/wp\/v2\/categories?post=310492"},{"taxonomy":"post_tag","embeddable":true,"href":"https:\/\/www.focolare.org\/es\/wp-json\/wp\/v2\/tags?post=310492"}],"curies":[{"name":"wp","href":"https:\/\/api.w.org\/{rel}","templated":true}]}}