{"id":310534,"date":"2019-10-04T20:05:25","date_gmt":"2019-10-04T18:05:25","guid":{"rendered":"https:\/\/www.focolare.org\/dios-nos-ha-rescatado-y-nos-ha-sacado-del-infierno\/"},"modified":"2024-05-15T20:49:35","modified_gmt":"2024-05-15T18:49:35","slug":"dios-nos-ha-rescatado-y-nos-ha-sacado-del-infierno","status":"publish","type":"post","link":"https:\/\/www.focolare.org\/es\/dios-nos-ha-rescatado-y-nos-ha-sacado-del-infierno\/","title":{"rendered":"Dios nos ha rescatado y nos ha sacado del infierno"},"content":{"rendered":"<p><em>El Movimiento de los Focolares participa de la alegr\u00eda de Chiara Amirante y de la Comunidad \u201cNuevos Horizontes\u201d por ella fundada, con motivo de la visita sorpresiva del Papa Francisco a su \u201cCiudadela Cielo\u201d cerca de Frosinone (Italia).<\/em>  \u201cSi yo empezara a responder a las preguntas, las m\u00edas ser\u00edan palabras, palabras, palabras\u2026 Creo que ensuciar\u00eda la sacralidad de lo que ustedes han dicho, porque no han dicho palabras, han dicho vidas: sus vidas. Historias. Caminos. B\u00fasqueda, pero una b\u00fasqueda de carne, esp\u00edritu, de toda la persona\u201d. El Papa Francisco as\u00ed se dirigi\u00f3, improvisando, a cinco chicos de la Comunidad \u201cNuevos Horizontes\u201d que le hab\u00edan ofrecido sus testimonios fuertes de dolor y de volver a nacer, durante la visita privada que el Pont\u00edfice realiz\u00f3 a la sede de la Comunidad, en la provincia de Frosinone (Italia) el pasado 24 de septiembre. \u201cSus historias son historias de miradas \u2013sigui\u00f3 diciendo el Papa\u2013 y en un momento dado, percibieron una mirada \u2013una\u2013 que no era como las dem\u00e1s, era \u00e9sa sola: una mirada que te mir\u00f3 con amor. Yo tambi\u00e9n conozco esa mirada. Una mirada que te cogi\u00f3 de la mano y te permiti\u00f3 caminar, no te quit\u00f3 la libertad\u201d.  Acogido con alegr\u00eda y emoci\u00f3n, el Papa Francisco lleg\u00f3 a las 9,30 de la ma\u00f1ana a la \u201cCiudadela Cielo\u201d, sede central de esa Comunidad que, gracias a recorridos de curaci\u00f3n y conocimiento de uno mismo basados en el Evangelio, permite a muchos j\u00f3venes salir de t\u00faneles infernales de dolor y dependencias y pasar a ser testigos de esperanza para otros j\u00f3venes en situaciones de grave malestar. El Papa en su intervenci\u00f3n hizo referencia, justamente, a la \u201cfecundidad del testimonio\u201d: \u201cEl testimonio de ustedes tambi\u00e9n es una siembra, no una idea; el hecho que Dios es amor, que Dios nos quiere, que Dios nos est\u00e1 buscando en cada momento, que Dios est\u00e1 a nuestro lado, que nos rescata y nos salva (\u2026) Nosotros somos hombres y mujeres del Magnificat, o sea del canto de Mar\u00eda, de ir a contar que Dios me mir\u00f3, me acarici\u00f3, me habl\u00f3, venci\u00f3. Y est\u00e1 conmigo. Me cogi\u00f3 por la mano y me sac\u00f3 del infierno\u201d.  El Papa luego salud\u00f3 personalmente a los miembros de la Comunidad y a los responsables de los Centros de Italia y de otros pa\u00edses que se encontraban reunidos para su Asamblea Central anual. Celebr\u00f3 la Misa, almorz\u00f3 y plant\u00f3 un olivo en el jard\u00edn de la ciudadela, que es una de las cinco que hizo nacer la Comunidad fundada por Chiara Amirante. Cuando era ni\u00f1a, Chiara conoci\u00f3 la espiritualidad de los Focolares y tuvo un encuentro personal con la fundadora Chiara Lubich. Luego, cuando ya era mayor, escuchando el grito de los j\u00f3venes por la calle pidiendo ayuda para escapar del infierno en el que viv\u00edan, le naci\u00f3 la idea de iniciar una comunidad de acogida. Esta visita del Papa Francisco es una continuaci\u00f3n del llamado telef\u00f3nico del Pont\u00edfice y el v\u00eddeo-mensaje de junio pasado para festejar este a\u00f1o especial, en el que la Comunidad celebra sus 25 a\u00f1os de vida.  Saludando al Papa Francisco, Chiara record\u00f3 los comienzos de su aventura cuando, poni\u00e9ndose en contacto con el \u201cpueblo de la noche\u201d, la fue guiando la certeza de que el encuentro con \u201cCristo Resucitado podr\u00eda llevar la vida all\u00ed donde yo ve\u00eda muerte\u201d. En 1994 hizo nacer la primera comunidad en Trigoria (un barrio en la periferia de Roma) y en 1997 naci\u00f3 en Piglio (en la provincia de Frosinone) una comunidad de formaci\u00f3n y acogida. Hoy cuentan con 228 centros de acogida, formaci\u00f3n y orientaci\u00f3n con muchas iniciativas de solidaridad, proyectos sociales e iniciativas de promoci\u00f3n humana en varios pa\u00edses. En 2006 Chiara lanz\u00f3 la propuesta de ser \u201ccaballeros de la Luz\u201d, o sea de ser, para quien est\u00e1 en la desesperaci\u00f3n m\u00e1s profunda, testigos de la alegr\u00eda de Cristo Resucitado, intentando vivir el Evangelio a la letra, y renovar as\u00ed el mundo con la revoluci\u00f3n del Amor. Adhirieron a este compromiso m\u00e1s de 700.000 personas. \u201cLas nuevas pobrezas constituyen una verdadera emergencia que sigue segando millones de muertos invisibles frente al desconocimiento de la mayor\u00eda\u201d, explic\u00f3 Chiara delante del Papa Francisco, hablando del uso y el abuso del alcohol y sustancias estupefacientes, anorexia, bulimia, depresi\u00f3n, ludopat\u00eda, adicci\u00f3n a internet, bullying, abusos, sexo-dependencia\u2026 \u201cSentimos con m\u00e1s fuerza que nunca \u2013concluy\u00f3 \u2013 la urgencia de hacer todo lo posible para responder al grito no escuchado de muchos\u201d. <\/p>\n<p style=\"text-align: right;\"><em>Anna Lisa Innocenti<\/em><\/p>\n","protected":false},"excerpt":{"rendered":"<p>El Movimiento de los Focolares participa de la alegr\u00eda de Chiara Amirante y de la Comunidad \u201cNuevos Horizontes\u201d por ella fundada, con motivo de la visita sorpresiva del Papa Francisco a su \u201cCiudadela Cielo\u201d cerca de Frosinone (Italia).<\/p>\n","protected":false},"author":27,"featured_media":0,"comment_status":"open","ping_status":"open","sticky":false,"template":"","format":"standard","meta":{"give_campaign_id":0,"_seopress_robots_primary_cat":"","_seopress_titles_title":"","_seopress_titles_desc":"","_seopress_robots_index":"","_et_pb_use_builder":"","_et_pb_old_content":"","_et_gb_content_width":"","footnotes":""},"categories":[46],"tags":[],"class_list":["post-310534","post","type-post","status-publish","format-standard","hentry","category-sin-categorizar"],"_links":{"self":[{"href":"https:\/\/www.focolare.org\/es\/wp-json\/wp\/v2\/posts\/310534","targetHints":{"allow":["GET"]}}],"collection":[{"href":"https:\/\/www.focolare.org\/es\/wp-json\/wp\/v2\/posts"}],"about":[{"href":"https:\/\/www.focolare.org\/es\/wp-json\/wp\/v2\/types\/post"}],"author":[{"embeddable":true,"href":"https:\/\/www.focolare.org\/es\/wp-json\/wp\/v2\/users\/27"}],"replies":[{"embeddable":true,"href":"https:\/\/www.focolare.org\/es\/wp-json\/wp\/v2\/comments?post=310534"}],"version-history":[{"count":0,"href":"https:\/\/www.focolare.org\/es\/wp-json\/wp\/v2\/posts\/310534\/revisions"}],"wp:attachment":[{"href":"https:\/\/www.focolare.org\/es\/wp-json\/wp\/v2\/media?parent=310534"}],"wp:term":[{"taxonomy":"category","embeddable":true,"href":"https:\/\/www.focolare.org\/es\/wp-json\/wp\/v2\/categories?post=310534"},{"taxonomy":"post_tag","embeddable":true,"href":"https:\/\/www.focolare.org\/es\/wp-json\/wp\/v2\/tags?post=310534"}],"curies":[{"name":"wp","href":"https:\/\/api.w.org\/{rel}","templated":true}]}}