{"id":310548,"date":"2019-10-15T14:46:55","date_gmt":"2019-10-15T12:46:55","guid":{"rendered":"https:\/\/www.focolare.org\/proceso-de-beatificacion-de-chiara-lubich-se-concluye-la-fase-diocesana\/"},"modified":"2024-05-15T20:49:37","modified_gmt":"2024-05-15T18:49:37","slug":"proceso-de-beatificacion-de-chiara-lubich-se-concluye-la-fase-diocesana","status":"publish","type":"post","link":"https:\/\/www.focolare.org\/es\/proceso-de-beatificacion-de-chiara-lubich-se-concluye-la-fase-diocesana\/","title":{"rendered":"Proceso de beatificaci\u00f3n de Chiara Lubich: se concluye la fase diocesana"},"content":{"rendered":"<p><em>El pr\u00f3ximo 10 de noviembre se concluir\u00e1 en Frascati (Italia) la fase diocesana del proceso de beatificaci\u00f3n de la fundadora de los Focolares. Proseguir\u00e1 en Vaticano, en la Congregaci\u00f3n de las Causas de los Santos.<\/em>  En la Catedral de San Pietro, en Frascati,<strong> el domingo 10 de noviembre a las 16.30 horas, se concluir\u00e1 la fase diocesana de la causa de beatificaci\u00f3n y canonizaci\u00f3n de Chiara Lubich, con la \u00faltima sesi\u00f3n de la investigaci\u00f3n diocesana presidida por Mons. Raffaello Martinelli, obispo de Frascati.<\/strong>  <img alt=\"\" alt=\"\" loading=\"lazy\" decoding=\"async\" class=\"wp-image-191910 alignleft\" src=\"https:\/\/www.focolare.org\/wp-content\/uploads\/2019\/10\/1271688_HD-90x66.jpg\" alt=\"\" width=\"250\" height=\"184\" \/>Con el cierre definitivo de esta fase todas las actas de la investigaci\u00f3n, selladas, ser\u00e1n enviadas al Vaticano, al t\u00e9rmino de casi cinco a\u00f1os de investigaci\u00f3n y profundo estudio de la vida, las virtudes, la fama de santidad y signos de Chiara Lubich. Con este pasaje el estudio de las actas continuar\u00e1 en la Congregaci\u00f3n para las Causas de los Santos.  El proceso para iniciar la causa comenz\u00f3 el 7 de diciembre de 2013, -cinco a\u00f1os despu\u00e9s de la muerte de Chiara Lubich &#8211; con la presentaci\u00f3n de la solicitud oficial al obispo de Frascati por parte del Movimiento de los Focolares. El 27 de enero de 2015 Mons. Martinelli dio curso a la petici\u00f3n abriendo solemnemente la causa.  En aquella ocasi\u00f3n el papa Francisco se hizo presente con un mensaje en el que recordaba el luminoso ejemplo de vida de la fundadora del Movimiento de los Focolares a cuantos \u00abconservan su precioso patrimonio espiritual\u00bb. Exhortaba adem\u00e1s \u00aba dar a conocer al pueblo de Dios la vida y las obras de aquella que, aceptando la invitaci\u00f3n del Se\u00f1or, ha encendido una nueva luz para la Iglesia en el camino hacia la unidad\u00bb. <\/p>\n<p style=\"text-align: right;\"><em>Oficina de Comunicaci\u00f3n Movimiento de los Focolares<\/em><\/p>\n","protected":false},"excerpt":{"rendered":"<p>El pr\u00f3ximo 10 de noviembre se concluir\u00e1 en Frascati (Italia) la fase diocesana del proceso de beatificaci\u00f3n de la fundadora de los Focolares. Proseguir\u00e1 en Vaticano, en la Congregaci\u00f3n de las Causas de los Santos.<\/p>\n","protected":false},"author":24,"featured_media":0,"comment_status":"open","ping_status":"open","sticky":false,"template":"","format":"standard","meta":{"give_campaign_id":0,"_seopress_robots_primary_cat":"","_seopress_titles_title":"","_seopress_titles_desc":"","_seopress_robots_index":"","_et_pb_use_builder":"","_et_pb_old_content":"","_et_gb_content_width":"","footnotes":""},"categories":[46],"tags":[],"class_list":["post-310548","post","type-post","status-publish","format-standard","hentry","category-sin-categorizar"],"_links":{"self":[{"href":"https:\/\/www.focolare.org\/es\/wp-json\/wp\/v2\/posts\/310548","targetHints":{"allow":["GET"]}}],"collection":[{"href":"https:\/\/www.focolare.org\/es\/wp-json\/wp\/v2\/posts"}],"about":[{"href":"https:\/\/www.focolare.org\/es\/wp-json\/wp\/v2\/types\/post"}],"author":[{"embeddable":true,"href":"https:\/\/www.focolare.org\/es\/wp-json\/wp\/v2\/users\/24"}],"replies":[{"embeddable":true,"href":"https:\/\/www.focolare.org\/es\/wp-json\/wp\/v2\/comments?post=310548"}],"version-history":[{"count":0,"href":"https:\/\/www.focolare.org\/es\/wp-json\/wp\/v2\/posts\/310548\/revisions"}],"wp:attachment":[{"href":"https:\/\/www.focolare.org\/es\/wp-json\/wp\/v2\/media?parent=310548"}],"wp:term":[{"taxonomy":"category","embeddable":true,"href":"https:\/\/www.focolare.org\/es\/wp-json\/wp\/v2\/categories?post=310548"},{"taxonomy":"post_tag","embeddable":true,"href":"https:\/\/www.focolare.org\/es\/wp-json\/wp\/v2\/tags?post=310548"}],"curies":[{"name":"wp","href":"https:\/\/api.w.org\/{rel}","templated":true}]}}