{"id":310550,"date":"2019-10-17T20:05:20","date_gmt":"2019-10-17T18:05:20","guid":{"rendered":"https:\/\/www.focolare.org\/ecuador-con-el-proyecto-sunrise-se-reconstruye-despues-del-terremoto\/"},"modified":"2024-05-15T20:49:38","modified_gmt":"2024-05-15T18:49:38","slug":"ecuador-con-el-proyecto-sunrise-se-reconstruye-despues-del-terremoto","status":"publish","type":"post","link":"https:\/\/www.focolare.org\/es\/ecuador-con-el-proyecto-sunrise-se-reconstruye-despues-del-terremoto\/","title":{"rendered":"Ecuador: con el proyecto \u00abSunrise\u00bb se reconstruye despu\u00e9s del terremoto"},"content":{"rendered":"<p><em>En 2016 la provincia de Esmeraldas, ya pobre, sufri\u00f3 graves da\u00f1os a causa de un fuerte terremoto.<\/em> <em>AMU y el Movimiento de los Focolares se han puesto en actividad para proveer de los primeros auxilios y, ahora, para crear un proyecto de reconstrucci\u00f3n que involucre a la poblaci\u00f3n y d\u00e9 una nueva esperanza desde el punto de vista econ\u00f3mico y productivo, y tambi\u00e9n en lo social y comunitario.<\/em>  https:\/\/www.youtube.com\/watch?v=b2vF3ekOKao<\/p>\n","protected":false},"excerpt":{"rendered":"<p>En 2016 la provincia de Esmeraldas, ya pobre, sufri\u00f3 graves da\u00f1os a causa de un fuerte terremoto.<br \/>\nAMU y el Movimiento de los Focolares se han puesto en actividad para proveer de los primeros auxilios y, ahora, para crear un proyecto de reconstrucci\u00f3n que involucre a la poblaci\u00f3n y d\u00e9 una nueva esperanza desde el punto de vista econ\u00f3mico y productivo, y tambi\u00e9n en lo social y comunitario.<\/p>\n","protected":false},"author":33,"featured_media":0,"comment_status":"open","ping_status":"open","sticky":false,"template":"","format":"standard","meta":{"give_campaign_id":0,"_seopress_robots_primary_cat":"","_seopress_titles_title":"","_seopress_titles_desc":"","_seopress_robots_index":"","_et_pb_use_builder":"","_et_pb_old_content":"","_et_gb_content_width":"","footnotes":""},"categories":[46],"tags":[],"class_list":["post-310550","post","type-post","status-publish","format-standard","hentry","category-sin-categorizar"],"_links":{"self":[{"href":"https:\/\/www.focolare.org\/es\/wp-json\/wp\/v2\/posts\/310550","targetHints":{"allow":["GET"]}}],"collection":[{"href":"https:\/\/www.focolare.org\/es\/wp-json\/wp\/v2\/posts"}],"about":[{"href":"https:\/\/www.focolare.org\/es\/wp-json\/wp\/v2\/types\/post"}],"author":[{"embeddable":true,"href":"https:\/\/www.focolare.org\/es\/wp-json\/wp\/v2\/users\/33"}],"replies":[{"embeddable":true,"href":"https:\/\/www.focolare.org\/es\/wp-json\/wp\/v2\/comments?post=310550"}],"version-history":[{"count":0,"href":"https:\/\/www.focolare.org\/es\/wp-json\/wp\/v2\/posts\/310550\/revisions"}],"wp:attachment":[{"href":"https:\/\/www.focolare.org\/es\/wp-json\/wp\/v2\/media?parent=310550"}],"wp:term":[{"taxonomy":"category","embeddable":true,"href":"https:\/\/www.focolare.org\/es\/wp-json\/wp\/v2\/categories?post=310550"},{"taxonomy":"post_tag","embeddable":true,"href":"https:\/\/www.focolare.org\/es\/wp-json\/wp\/v2\/tags?post=310550"}],"curies":[{"name":"wp","href":"https:\/\/api.w.org\/{rel}","templated":true}]}}