{"id":310560,"date":"2019-10-25T20:05:55","date_gmt":"2019-10-25T18:05:55","guid":{"rendered":"https:\/\/www.focolare.org\/escuela-hombre-mundo-entre-los-aborigenes\/"},"modified":"2024-05-15T20:49:39","modified_gmt":"2024-05-15T18:49:39","slug":"escuela-hombre-mundo-entre-los-aborigenes","status":"publish","type":"post","link":"https:\/\/www.focolare.org\/es\/escuela-hombre-mundo-entre-los-aborigenes\/","title":{"rendered":"Escuela \u201cHombre Mundo\u201d entre los abor\u00edgenes"},"content":{"rendered":"<p><em>Los Chicos por la Unidad de Ocean\u00eda fueron al Lago Mungo para conocer la vida y la cultura de los abor\u00edgenes. Una experiencia \u00fanica que ha abierto de par en par el coraz\u00f3n y los brazos.<\/em>  https:\/\/vimeo.com\/363578698<\/p>\n","protected":false},"excerpt":{"rendered":"<p>Los Chicos por la Unidad de Ocean\u00eda fueron al Lago Mungo para conocer la vida y la cultura de los abor\u00edgenes. Una experiencia \u00fanica que ha abierto de par en par el coraz\u00f3n y los brazos.<\/p>\n","protected":false},"author":27,"featured_media":0,"comment_status":"open","ping_status":"open","sticky":false,"template":"","format":"standard","meta":{"give_campaign_id":0,"_seopress_robots_primary_cat":"","_seopress_titles_title":"","_seopress_titles_desc":"","_seopress_robots_index":"","_et_pb_use_builder":"","_et_pb_old_content":"","_et_gb_content_width":"","footnotes":""},"categories":[46],"tags":[],"class_list":["post-310560","post","type-post","status-publish","format-standard","hentry","category-sin-categorizar"],"_links":{"self":[{"href":"https:\/\/www.focolare.org\/es\/wp-json\/wp\/v2\/posts\/310560","targetHints":{"allow":["GET"]}}],"collection":[{"href":"https:\/\/www.focolare.org\/es\/wp-json\/wp\/v2\/posts"}],"about":[{"href":"https:\/\/www.focolare.org\/es\/wp-json\/wp\/v2\/types\/post"}],"author":[{"embeddable":true,"href":"https:\/\/www.focolare.org\/es\/wp-json\/wp\/v2\/users\/27"}],"replies":[{"embeddable":true,"href":"https:\/\/www.focolare.org\/es\/wp-json\/wp\/v2\/comments?post=310560"}],"version-history":[{"count":0,"href":"https:\/\/www.focolare.org\/es\/wp-json\/wp\/v2\/posts\/310560\/revisions"}],"wp:attachment":[{"href":"https:\/\/www.focolare.org\/es\/wp-json\/wp\/v2\/media?parent=310560"}],"wp:term":[{"taxonomy":"category","embeddable":true,"href":"https:\/\/www.focolare.org\/es\/wp-json\/wp\/v2\/categories?post=310560"},{"taxonomy":"post_tag","embeddable":true,"href":"https:\/\/www.focolare.org\/es\/wp-json\/wp\/v2\/tags?post=310560"}],"curies":[{"name":"wp","href":"https:\/\/api.w.org\/{rel}","templated":true}]}}