{"id":310574,"date":"2019-11-10T20:49:41","date_gmt":"2019-11-10T19:49:41","guid":{"rendered":"https:\/\/www.focolare.org\/chiara-lubich-clausura-de-la-fase-diocesana-de-beatificacion\/"},"modified":"2024-05-15T20:49:41","modified_gmt":"2024-05-15T18:49:41","slug":"chiara-lubich-clausura-de-la-fase-diocesana-de-beatificacion","status":"publish","type":"post","link":"https:\/\/www.focolare.org\/es\/chiara-lubich-clausura-de-la-fase-diocesana-de-beatificacion\/","title":{"rendered":"Chiara Lubich: clausura de la fase diocesana de beatificaci\u00f3n"},"content":{"rendered":"<p><em>El domingo 10 de noviembre se ha concluido la fase diocesana de la Causa de canonizaci\u00f3n y beatificaci\u00f3n de Chiara Lubich, fundadora del Movimiento de los Focolares. Eran m\u00e1s de 500 las personas que llenaban la Catedral de Frascati (Roma) donde se ha realizado la \u00faltima sesi\u00f3n de la investigaci\u00f3n diocesana.<\/em>  Entre los participantes el Card. Tarcisio Bertone, la presidenta de los Focolares Mar\u00eda Voce (Emmaus) y el co-presidente Jes\u00fas Mor\u00e1n, algunos parientes de Chiara Lubich, dos representantes de la Iglesia ortodoxa, varios alcaldes de la regi\u00f3n del Lacio, sacerdotes, laicos, religiosos y muchos amigos que conocieron a Chiara y el Carisma de la unidad de los Focolares.  <div id=\"attachment_193136\" style=\"width: 307px\" class=\"wp-caption alignleft\"><img alt=\"\" alt=\"\" loading=\"lazy\" decoding=\"async\" aria-describedby=\"caption-attachment-193136\" class=\"wp-image-193136\" src=\"https:\/\/www.focolare.org\/wp-content\/uploads\/2019\/11\/32_CSC_20191110_Sigilli_Scatole2-90x60.jpg\" alt=\"\" width=\"297\" height=\"198\" \/><p id=\"caption-attachment-193136\" class=\"wp-caption-text\">Las \u00faltimas 3 de las 75 cajas est\u00e1n selladas<\/p><\/div>  Delante del altar la mesa con las 75 cajas contenientes la documentaci\u00f3n recogida que ser\u00e1 entregada a la Congregaci\u00f3n para las Causas de los Santos en la Santa Sede, donde proseguir\u00e1 el estudio y la evaluaci\u00f3n de cuanto se ha recogido. La ceremonia fue presidida por <strong>Mons. Raffaello Martinelli, obispo de Frascati<\/strong> que resumi\u00f3 as\u00ed estos a\u00f1os de recopilaci\u00f3n de testimonios y material:  \u201cLa Santa Sede y el proceso diocesano deben evidenciar la heroicidad de las virtudes, no simplemente la bondad de una persona, sino la heroicidad. Es esto lo que he pedido tambi\u00e9n desde el inicio en los testimonios. Debemos demostrar la heroicidad de c\u00f3mo Chiara vivi\u00f3 las virtudes cristianas, es decir, las Teologales (fe esperanza, caridad), las Cardinales (prudencia, justicia, fortaleza, templanza), y toda una serie de virtudes derivadas de estas\u201d.  En su relaci\u00f3n, el <strong>Delegado Episcopal Mons. Angelo Amati<\/strong> relat\u00f3 que hab\u00edan sido escuchados 166 testimonios tambi\u00e9n en varios traslados como a las di\u00f3cesis de Roma, Albano y Fiesole (Italia), Lausana-Ginebra-Friburgo (Suiza), Augusta-Ottmaring y Bamberg-N\u00faremberg (Alemania), Westminster (Inglaterra), Gante y Bruselas (B\u00e9lgica) y dos comisiones rogatorias: en Bangkok (Tailandia) y Liubliana (Eslovenia).  \u201cLa investigaci\u00f3n se ha realizado sobre la vida, las virtudes, el carisma y la espec\u00edfica espiritualidad de Chiara, &#8211; subray\u00f3 Amati &#8211; juntamente con las tem\u00e1ticas teol\u00f3gicas presentadas como: la Unidad, Jes\u00fas Abandonado y Jes\u00fas en medio, sobre la fundaci\u00f3n de la Obra de Mar\u00eda (Movimiento de los Focolares) y los contactos interconfesionales e interreligiosos. Total de p\u00e1ginas recogidas: 35.057 en 102 vol\u00famenes\u201d que contienen material de vario tipo (testimonios, cartas, documentos editados e in\u00e9ditos, escritos, diarios, etc.).  A continuaci\u00f3n la declaraci\u00f3n del Promotor de Justicia Sac. Joselito Loteria \u2013 que junto a la Notaria la Abg. Patrizia Sabatini y al delegado episcopal forman el tribunal diocesano instituido para la Causa de Chiara Lubich -, despu\u00e9s, el obispo Martinelli dio lectura al decreto de clausura de la fase diocesana y nombr\u00f3 al<strong> \u201cPortador\u201d el Dr. Daniel Tamborini<\/strong>, que tendr\u00e1 la tarea de entregar la documentaci\u00f3n a la Santa Sede.  Seguidamente los juramentos del Portador, del Obispo Martinelli y de todos los miembros del tribunal diocesano y de la Postulaci\u00f3n, Postulador Sac. Silvestre Marques, Vice-Postuladora, Dra. Giuseppina Manici, Vice-Postulador, Dr. Waldery Hilgeman, y la firma del acta de la sesi\u00f3n de clausura.  <img alt=\"\" alt=\"\" loading=\"lazy\" decoding=\"async\" class=\"wp-image-193135 alignright\" src=\"https:\/\/www.focolare.org\/wp-content\/uploads\/2019\/11\/33_CSC_20191110_Saluto_MariaVoce-90x60.jpg\" alt=\"\" width=\"320\" height=\"213\" \/>El momento central vio el cierre y sellado de las tres \u00faltimas de las 75 cajas contenientes las 35.000 p\u00e1ginas. \u201cNuestro \u00fanico deseo ahora es ofrecer a la Iglesia, a trav\u00e9s de esta amplia documentaci\u00f3n, el don que Chiara ha sido para nosotros y para much\u00edsimas personas -afirm\u00f3 <strong>Mar\u00eda Voce, presidenta del Movimiento de los Focolares<\/strong>, en su intervenci\u00f3n en la Catedral-. Acogiendo el carisma que Dios le daba, coherentemente, d\u00eda tras d\u00eda, caminando y tendiendo hacia la plenitud de la vida cristiana y la perfecci\u00f3n de la caridad, Chiara se ha prodigado para que muchos pudieran recorrer este camino de vida evang\u00e9lica, con una determinaci\u00f3n siempre renovada para ayudar a cuantos encontraba a poner a Dios en el primer lugar y \u201chacerse santos juntos\u201d.  Su mirada y su coraz\u00f3n, como se demuestra ahora, estaban movidos por un amor universal, capaz de abrazar a todos los hombres m\u00e1s all\u00e1 de toda diferencia, siempre orientado a realizar el testamento de Jes\u00fas: \u201cQue todos sean uno\u201d. Es motivo de alegr\u00eda para todos nosotros saber que ahora la Iglesia estudiar\u00e1 y evaluar\u00e1 la vida y las virtudes de la sierva de Dios, nuestra amad\u00edsima Chiara.  <strong>El proceso diocesano<\/strong> Era el 7 de diciembre de 2013 cuando se dio inicio a la fase diocesana de la Causa de canonizaci\u00f3n y beatificaci\u00f3n de Chiara Lubich \u2013 despu\u00e9s de poco m\u00e1s de 5 a\u00f1os de su muerte el 14 de marzo de 2008 &#8211; cuando en Castel Gandolfo tuvo lugar la firma de la petici\u00f3n oficial para la apertura de la Causa. Los primeros a ser escuchados fueron los testigos oculares que la hab\u00edan conocido desde los tiempos de fundaci\u00f3n del Movimiento de los Focolares.  Sucesivamente Mons. Raffaello Martinelli consult\u00f3 a la Conferencia Episcopal del Lacio acerca de la oportunidad de iniciar la Causa obteniendo un parecer favorable. As\u00ed el obispo constituy\u00f3 una Comisi\u00f3n de 3 peritos en materia hist\u00f3rica y archiv\u00edstica que ha tenido la tarea de recopilar todo el material in\u00e9dito referente a Chiara. Martinelli despu\u00e9s nombr\u00f3 a 3 Te\u00f3logos los cuales han examinado los escritos editados. El 29 de junio de 2014 la Santa Sede concedi\u00f3 su Nulla Osta para la apertura oficial de la Causa.  El 27 de enero de 2015 en la Catedral de Frascati se efectu\u00f3 la ceremonia de apertura de la fase diocesana, concluida el 10 de noviembre de 2019. <\/p>\n<p style=\"text-align: right;\"><em>Lorenzo Russo<\/em> <em>Ufficio Comunicazione Movimento dei Focolari<\/em><\/p>\n<p> Texto: <a href=\"https:\/\/www.focolare.org\/wp-content\/uploads\/2019\/11\/UCF-00-20191110-Maria-Voce-alla-cerimonia-di-chiusura-della-fase-diocesana-della-Causa-di-Chiara-Lubich_ES.pdf\" target=\"_blank\" rel=\"noopener noreferrer\">Saludo conclusivo de Maria Voce<\/a>  <div class=\"et_pb_slider et_pb_slider_fullwidth_off et_pb_gallery_post_type\">\n\t\t\t\t<div class=\"et_pb_slides\">\n\t\t\t\t\t\n\t\t\t\t<\/div>\n\t\t\t<\/div><\/p>\n","protected":false},"excerpt":{"rendered":"<p>El domingo 10 de noviembre se ha concluido la fase diocesana de la Causa de canonizaci\u00f3n y beatificaci\u00f3n de Chiara Lubich, fundadora del Movimiento de los Focolares. Eran m\u00e1s de 500 las personas que llenaban la Catedral de Frascati (Roma) donde se ha realizado la \u00faltima sesi\u00f3n de la investigaci\u00f3n diocesana.<\/p>\n","protected":false},"author":33,"featured_media":0,"comment_status":"open","ping_status":"open","sticky":false,"template":"","format":"standard","meta":{"give_campaign_id":0,"_seopress_robots_primary_cat":"","_seopress_titles_title":"","_seopress_titles_desc":"","_seopress_robots_index":"","_et_pb_use_builder":"","_et_pb_old_content":"","_et_gb_content_width":"","footnotes":""},"categories":[46],"tags":[],"class_list":["post-310574","post","type-post","status-publish","format-standard","hentry","category-sin-categorizar"],"_links":{"self":[{"href":"https:\/\/www.focolare.org\/es\/wp-json\/wp\/v2\/posts\/310574","targetHints":{"allow":["GET"]}}],"collection":[{"href":"https:\/\/www.focolare.org\/es\/wp-json\/wp\/v2\/posts"}],"about":[{"href":"https:\/\/www.focolare.org\/es\/wp-json\/wp\/v2\/types\/post"}],"author":[{"embeddable":true,"href":"https:\/\/www.focolare.org\/es\/wp-json\/wp\/v2\/users\/33"}],"replies":[{"embeddable":true,"href":"https:\/\/www.focolare.org\/es\/wp-json\/wp\/v2\/comments?post=310574"}],"version-history":[{"count":0,"href":"https:\/\/www.focolare.org\/es\/wp-json\/wp\/v2\/posts\/310574\/revisions"}],"wp:attachment":[{"href":"https:\/\/www.focolare.org\/es\/wp-json\/wp\/v2\/media?parent=310574"}],"wp:term":[{"taxonomy":"category","embeddable":true,"href":"https:\/\/www.focolare.org\/es\/wp-json\/wp\/v2\/categories?post=310574"},{"taxonomy":"post_tag","embeddable":true,"href":"https:\/\/www.focolare.org\/es\/wp-json\/wp\/v2\/tags?post=310574"}],"curies":[{"name":"wp","href":"https:\/\/api.w.org\/{rel}","templated":true}]}}