{"id":310604,"date":"2019-12-08T03:00:56","date_gmt":"2019-12-08T02:00:56","guid":{"rendered":"https:\/\/www.focolare.org\/centenario-inauguracion-de-la-exposicion-chiara-lubich-ciudad-mundo\/"},"modified":"2024-05-15T20:49:46","modified_gmt":"2024-05-15T18:49:46","slug":"centenario-inauguracion-de-la-exposicion-chiara-lubich-ciudad-mundo","status":"publish","type":"post","link":"https:\/\/www.focolare.org\/es\/centenario-inauguracion-de-la-exposicion-chiara-lubich-ciudad-mundo\/","title":{"rendered":"Centenario: inauguraci\u00f3n de la exposici\u00f3n \u201cChiara Lubich Ciudad Mundo\u201d"},"content":{"rendered":"<p><em>Abiertas en Trento las celebraciones por los 100 a\u00f1os del nacimiento de la fundadora de los Focolares. La provincia aut\u00f3noma de Trento ha otorgado a Maria Voce el \u201cSigilo de San Wenceslao\u201d.<\/em>  \u201cChiara Lubich, Ciudad Mundo\u201d es el t\u00edtulo de la exposici\u00f3n que hoy 7 de diciembre, se inaugur\u00f3 en las \u201cGaler\u00edas\u201d de Trento, un evento que abri\u00f3 el centenario del nacimiento de la fundadora del Movimiento de los Focolares. La exposici\u00f3n, con el patrocinio del Presidente de la Rep\u00fablica Italiana, es promovida por la Fundaci\u00f3n del Museo Hist\u00f3rico del Trentino en colaboraci\u00f3n con el Centro Chiara Lubich.  El director de la Fundaci\u00f3n del Museo hist\u00f3rico, Giuseppe Ferrandi, present\u00f3 y coordin\u00f3 las intervenciones del d\u00eda inaugural del cual emergi\u00f3 la figura de Chiara Lubich, como una personalidad de gran amplitud, con profundas ra\u00edces en tierra trentina, en su historia, cultura y tradiciones, pero que, a trav\u00e9s de su carisma, ha sabido hablar un lenguaje universal; ha atravesado todas las fronteras, geogr\u00e1ficas y culturales, para llevar un mensaje de paz y fraternidad. La exposici\u00f3n ofrece un itinerario atractivo e interactivo, que acompa\u00f1a al visitante a conocer a Chiara Lubich, con una invitaci\u00f3n a comprometerse hoy para continuar realizando aquellos valores que marcaron su vida.  La provincia aut\u00f3noma de Trento ha querido otorgarle a Maria Voce, presidente del Movimiento de los Focolares, el \u201cSigilo de San Wenceslao\u201d \u201cpor haber sabido interpretar los valores de la unidad y la paz con un compromiso incansable\u201d, se lee en la motivaci\u00f3n. \u201cEstoy muy agradecida y emocionada por este reconocimiento \u2013 dijo Maria Voce que, como subraya los valores de la personalidad de Chiara Lubich y de los Focolares, lo siento para todo el Movimiento\u201d. \u201cHay dos palabras que me vienen a la mente cuando pienso en Chiara Lubich: carisma y profec\u00eda\u201d, dijo Giorgio Postal, presidente de la Fundaci\u00f3n del Museo Hist\u00f3rico del Trentino en la inauguraci\u00f3n de la exposici\u00f3n. \u201cPreguntarnos sobre Chiara Lubich y colocarla en la historia se convierte en una forma de afrontar los desaf\u00edos que tenemos, como sociedad y como individuos\u201d.  \u201cEstamos orgullosos de participar en este itinerario \u2013 dijo el presidente de la provincia aut\u00f3noma de Trento, Maurizio Fugatti \u2013 que nos permite conocer y profundizar en el gran mensaje de Chiara Lubich, una figura excepcional, una mujer y una trentina que logr\u00f3 llevar su extraordinario mensaje de paz y unidad a todo el mundo\u201d.  El arzobispo de Trento, Lauro Tisi de Trento, invit\u00f3 a todos en este a\u00f1o y, sobre todo al Movimiento de los Focolares, a \u201cdar a conocer al Dios de Chiara para revertir la narraci\u00f3n de Dios, este Dios de la protecci\u00f3n irrevocable del otro\u201d. \u201cDe esta visi\u00f3n de Dios amor \u2013 concluy\u00f3 \u2013 nace una visi\u00f3n positiva sobre la creaci\u00f3n, sobre la naturaleza, sobre el hombre y sobre el cuerpo\u201d. Una invitaci\u00f3n que fue inmediatamente aceptada por el copresidente del Movimiento de los Focolares, Jes\u00fas Mor\u00e1n, quien record\u00f3 el lema del Centenario \u201cCelebrar para encontrar\u201d a Chiara Lubich, una mujer que \u201cencarn\u00f3 la unidad en 360\u00b0 y nos dio el mapa de navegaci\u00f3n del tercer milenio\u201d.  \u201cEste Centenario ser\u00e1 una oportunidad extraordinaria para descubrir a muchas Chiara\u201d, dijo el alcalde de Trento, Alessandro Andreatta. \u201cLa del encuentro, del di\u00e1logo, de la unidad. Mujer de fe, de servicio, de esperanza, aquella que est\u00e1 en el coraz\u00f3n de la Iglesia y de la humanidad\u201d.  Y Lorenzo Dellai, ex alcalde de Trento, quien en 1995 le dio a Chiara Lubich el sigilo de la ciudad, record\u00f3 c\u00f3mo ella exhort\u00f3 a los trentinos a vivir a la altura del alma de esta ciudad. \u201cCreo que hay una creciente necesidad de este carisma, de esta profec\u00eda hoy\u201d.  El senador Stanislao Di Piazza, subsecretario de Estado del Ministerio de Trabajo y pol\u00edticas sociales, trajo el saludo del gobierno italiano: \u201cChiara era una persona que am\u00f3 especialmente a Italia\u201d. Record\u00f3 c\u00f3mo se hab\u00eda reunido con pol\u00edticos de todos los partidos para llevar adelante el valor de la fraternidad, para que se pudiera \u201ccrear un nuevo modelo pol\u00edtico\u201d.  Tambi\u00e9n saludaron a los presentes los representantes de las exposiciones que se abrir\u00e1n en el mundo durante el a\u00f1o: en Ciudad de M\u00e9xico, Sydney, Mumbai, Sao Paulo, Jerusal\u00e9n, Argel y Nairobi. Un proyecto patrocinado por el Consejo de Europa. Las exposiciones reproducir\u00e1n la de Trento, pero cada una tendr\u00e1 su propia peculiaridad: la de San Paolo, donde ser\u00e1 central el proyecto para una Econom\u00eda de Comuni\u00f3n lanzado en Brasil por Chiara Lubich, la de Sidney, una tierra multicultural; la de Jerusal\u00e9n, una ciudad que quiz\u00e1s m\u00e1s que ninguna otra necesita paz y fraternidad, y la de India representada por el mensaje del c\u00f3nsul italiano en Mumbai, Stefania Constanza.  Tambi\u00e9n estuvo presente en la inauguraci\u00f3n Veronica Cimino, vice alcalde de Rocca di Papa (Roma); Francesca Franceschi, concejal de la Municipalidad de Primiero San Martino di Castrozza; Alba Sgariglia y Joao Manoel Motta, co responsables del Centro Chiara Lubich y los curadores de la exposici\u00f3n Giuliano Ruzzier, Anna Maria Rossi y Maurizio Gentilini, autor, este \u00faltimo, de la biograf\u00eda reciente de la fundadora del Movimiento de los Focolares. Numerosos familiares de Chiara Lubich asistieron a la inauguraci\u00f3n.  _________ La exposici\u00f3n en las \u201cGaler\u00edas\u201d estar\u00e1 abierta hasta el 7 de diciembre de 2020 (de martes a domingo de 09:00 a 18:00 hs) y la exposici\u00f3n cuenta con soporte ling\u00fc\u00edstico en los principales idiomas europeos. La entrada es gratuita.  Junto a las tres secciones de la exposici\u00f3n preparadas en las \u201cGaler\u00edas\u201d de Trento, hay otra secci\u00f3n inaugurada el 8 de diciembre de 2019 a las 17:00 en los salones del Palazzo Scopoli, en Tonadico, en el municipio de Primiero San Martino di Castrozza (Trento). Esta secci\u00f3n est\u00e1 dedicada en particular a los a\u00f1os 1949-1959: de la profunda experiencia espiritual vivida por Chiara Lubich en el Primiero en el verano de 1949 a las Mari\u00e1polis de verano que se desarrollaron all\u00ed hasta 1959. <\/p>\n<p style=\"text-align: right;\"><em>Anna Lisa Innocenti<\/em><\/p>\n<div class=\"et_pb_slider et_pb_slider_fullwidth_off et_pb_gallery_post_type\">\n\t\t\t\t<div class=\"et_pb_slides\">\n\t\t\t\t\t\n\t\t\t\t<\/div>\n\t\t\t<\/div>\n","protected":false},"excerpt":{"rendered":"<p>Abiertas en Trento las celebraciones por los 100 a\u00f1os del nacimiento de la fundadora de los Focolares. La provincia aut\u00f3noma de Trento ha otorgado a Maria Voce el \u201cSigilo de San Wenceslao\u201d.<\/p>\n","protected":false},"author":27,"featured_media":0,"comment_status":"open","ping_status":"open","sticky":false,"template":"","format":"standard","meta":{"give_campaign_id":0,"_seopress_robots_primary_cat":"","_seopress_titles_title":"","_seopress_titles_desc":"","_seopress_robots_index":"","_et_pb_use_builder":"","_et_pb_old_content":"","_et_gb_content_width":"","footnotes":""},"categories":[46],"tags":[],"class_list":["post-310604","post","type-post","status-publish","format-standard","hentry","category-sin-categorizar"],"_links":{"self":[{"href":"https:\/\/www.focolare.org\/es\/wp-json\/wp\/v2\/posts\/310604","targetHints":{"allow":["GET"]}}],"collection":[{"href":"https:\/\/www.focolare.org\/es\/wp-json\/wp\/v2\/posts"}],"about":[{"href":"https:\/\/www.focolare.org\/es\/wp-json\/wp\/v2\/types\/post"}],"author":[{"embeddable":true,"href":"https:\/\/www.focolare.org\/es\/wp-json\/wp\/v2\/users\/27"}],"replies":[{"embeddable":true,"href":"https:\/\/www.focolare.org\/es\/wp-json\/wp\/v2\/comments?post=310604"}],"version-history":[{"count":0,"href":"https:\/\/www.focolare.org\/es\/wp-json\/wp\/v2\/posts\/310604\/revisions"}],"wp:attachment":[{"href":"https:\/\/www.focolare.org\/es\/wp-json\/wp\/v2\/media?parent=310604"}],"wp:term":[{"taxonomy":"category","embeddable":true,"href":"https:\/\/www.focolare.org\/es\/wp-json\/wp\/v2\/categories?post=310604"},{"taxonomy":"post_tag","embeddable":true,"href":"https:\/\/www.focolare.org\/es\/wp-json\/wp\/v2\/tags?post=310604"}],"curies":[{"name":"wp","href":"https:\/\/api.w.org\/{rel}","templated":true}]}}