{"id":310644,"date":"2020-01-17T03:00:11","date_gmt":"2020-01-17T02:00:11","guid":{"rendered":"https:\/\/www.focolare.org\/en-albania-despues-del-sismo-la-prioridad-es-la-atencion-de-las-victimas\/"},"modified":"2024-05-15T20:49:52","modified_gmt":"2024-05-15T18:49:52","slug":"en-albania-despues-del-sismo-la-prioridad-es-la-atencion-de-las-victimas","status":"publish","type":"post","link":"https:\/\/www.focolare.org\/es\/en-albania-despues-del-sismo-la-prioridad-es-la-atencion-de-las-victimas\/","title":{"rendered":"En Albania, despu\u00e9s del sismo, la prioridad es la atenci\u00f3n de las v\u00edctimas"},"content":{"rendered":"<p>El Movimiento de los Focolares al lado de muchos que han sufrido p\u00e9rdidas y da\u00f1os: \u201cLa persona con sus vivencias y sus exigencias est\u00e1 en el centro de nuestros esfuerzos. Escuchar, acoger, compartir es lo que nos ocupa en estas horas. Pero ser\u00e1 necesario un gran esfuerzo para planificar la reconstrucci\u00f3n\u201d.  No se detiene la solidaridad con las v\u00edctimas del terromoto que afect\u00f3 a Albania el 26 de noviembre de 2019, causando 52 muertos, m\u00e1s de dos mil heridos y grandes da\u00f1os en las estructuras. A los dos meses del sismo, iniciativas de recolecci\u00f3n de fondos, eventos conmemorativos e intervenciones de ayuda en el territorio ven involucradas a instituciones, realidades eclesiales y asistenciales. Una vez pasada la emergencia, todas las energ\u00edas est\u00e1n dirigidas a favorecer la coordinaci\u00f3n de las fuerzas que est\u00e1n en el lugar para planificar e iniciar la reconstrucci\u00f3n. En la incertidumbre del presente, es un gran consuelo sentirse parte de una familia, una red ampliada de personas que asegura sost\u00e9n y cercan\u00eda. Aqu\u00ed est\u00e1 el coraz\u00f3n del compromiso que ve en primera l\u00ednea al Movimiento de los Focolares. Hemos hablado con Fabio Fiorelli, focolarino que vive y act\u00faa en uno de los centros de Tirana.  <strong><img alt=\"\" alt=\"\" loading=\"lazy\" decoding=\"async\" class=\"wp-image-200879 alignleft\" src=\"https:\/\/www.focolare.org\/wp-content\/uploads\/2020\/01\/si-gioca...-90x68.jpg\" alt=\"\" width=\"297\" height=\"225\" \/>Desde la noche del sismo, \u00bfqu\u00e9 iniciativas ha podido realizar el Movimiento para sostener a las personas afectadas?<\/strong> \u201cAlgunos de nosotros se han puesto en conexi\u00f3n con la C\u00e1ritas nacional colaborando en la preparaci\u00f3n de ropa y mantas para hacer llegar a los que est\u00e1n fuera de sus casas, y yendo a las estructuras provisionales de acogida para escuchar a las personas y hacer jugar a los ni\u00f1os. Siguiendo una propuesta de las familias pertenecientes al Movimiento, el 21 de diciembre pasado preparamos una tarde de fiesta navide\u00f1a para los ni\u00f1os m\u00e1s peque\u00f1os -pero no s\u00f3lo para ellos- con cantos, juegos, el pesebre \u201cviviente\u201d, los regalos de Pap\u00e1 Noel: una pausa de serenidad y comuni\u00f3n para seguir adelante. Adem\u00e1s, en la ciudad de Durazzo, una psic\u00f3loga del Movimiento, ella misma con su casa destruida, colabora con un equipo que llega hasta las aldeas perif\u00e9ricas muy afectadas por el terremoto, en donde las personas viven en tiendas y carecen de los bienes m\u00e1s elementales. A nivel muy pr\u00e1ctico, se censaron las familias del Movimiento que sufrieron graves da\u00f1os en sus casas, nuestros ingenieros efectuaron inspecciones y controles y se calcularon costos para arreglar las viviendas\u201d.  <strong>\u00bfQu\u00e9 otras actividades tienen ustedes en programa?<\/strong> \u201cSe ha redactado un \u00abproyecto\u00bb con objetivos y estrategias para emprender en sinergia con la Asociaci\u00f3n Mundo Unido (AMU), y cuya ejecuci\u00f3n estar\u00e1 a cargo del Movimiento; estamos a la espera de poder iniciar su concreci\u00f3n\u201d. Desde las primeras horas despu\u00e9s del sismo, en plena fase de emergencia, Marcella Ioele, responsable de uno de los centros de los Focolares de Tirana, junto a otros lleg\u00f3 hasta Durazzo y a las \u00e1reas lim\u00edtrofes para encaminar las primeras ayudas en coordinaci\u00f3n con la C\u00e1ritas y la Iglesia local y para dar alivio a las v\u00edctimas. Le preguntamos qu\u00e9 experiencias la han impresionado m\u00e1s en los coloquios con las personas evacuadas: \u201cUna joven me cont\u00f3 que cuando empezaron las sacudidas, su hermano, que estaba en casa con la familia, por instinto se escap\u00f3 para salir del edificio, pero enseguida volvi\u00f3 para atr\u00e1s para atenderlos. Ese gesto la ayud\u00f3 a comprender que en esos momentos ella no debe pensar s\u00f3lo en s\u00ed misma sino tambi\u00e9n en los que est\u00e1n a su lado. Otra chica habr\u00eda querido actuar para ayudar a los que estaban en dificultad, pero teniendo que cuidar de la madre anciana no pudo alejarse del lugar. Pero \u2013nos dijo\u2013 pod\u00eda escuchar y consolar a los muchos que pasaban por ah\u00ed, y estaba feliz porque le parec\u00eda que as\u00ed estaba dando su aporte\u201d.  <strong>\u00bfQu\u00e9 sentimientos prevalecen en la poblaci\u00f3n?<\/strong> \u201cPor un lado uno reconoce que frente a los derrumbes tiene que haber responsabilidad en quien autoriz\u00f3 la construcci\u00f3n de edificios no seguros y se observa tambi\u00e9n la impreparaci\u00f3n en la gesti\u00f3n de la emergencia. Por otro lado la solidaridad manifestada en la fase inicial por parte de los otros pa\u00edses suscita el deseo de que de aqu\u00ed pueda surgir una Albania mejor. Ver pueblos, que hasta ayer estaban separados por antiguos odios, trabajar juntos ha sido un signo de esperanza. Hay una gran gratitud sobre todo respecto de los kosovares, que se hicieron presentes de una manera muy fuerte, como queriendo contracambiar ese amor que hab\u00edan recibido cuando estuvieron aqu\u00ed por la emergencia Kosovo. Algunos de ellos vinieron a buscar familias enteras para llevarlas a sus casas. \u201cEl terremoto \u2013me dec\u00eda un joven\u2013 nos ha acercado los unos a los otros como nunca hab\u00eda sucedido antes\u201d. Otros nos dijeron que hab\u00edan percibido la presencia de Dios tambi\u00e9n en esta realidad de dolor\u201d. <\/p>\n<p style=\"text-align: right;\"><em>Claudia Di Lorenzi<\/em><\/p>\n","protected":false},"excerpt":{"rendered":"<p>El Movimiento de los Focolares al lado de muchos que han sufrido p\u00e9rdidas y da\u00f1os: \u201cLa persona con sus vivencias y sus exigencias est\u00e1 en el centro de nuestros esfuerzos. Escuchar, acoger, compartir es lo que nos ocupa en estas horas. Pero ser\u00e1 necesario un gran esfuerzo para planificar la reconstrucci\u00f3n\u201d.<\/p>\n","protected":false},"author":33,"featured_media":0,"comment_status":"open","ping_status":"open","sticky":false,"template":"","format":"standard","meta":{"give_campaign_id":0,"_seopress_robots_primary_cat":"","_seopress_titles_title":"","_seopress_titles_desc":"","_seopress_robots_index":"","_et_pb_use_builder":"","_et_pb_old_content":"","_et_gb_content_width":"","footnotes":""},"categories":[46],"tags":[],"class_list":["post-310644","post","type-post","status-publish","format-standard","hentry","category-sin-categorizar"],"_links":{"self":[{"href":"https:\/\/www.focolare.org\/es\/wp-json\/wp\/v2\/posts\/310644","targetHints":{"allow":["GET"]}}],"collection":[{"href":"https:\/\/www.focolare.org\/es\/wp-json\/wp\/v2\/posts"}],"about":[{"href":"https:\/\/www.focolare.org\/es\/wp-json\/wp\/v2\/types\/post"}],"author":[{"embeddable":true,"href":"https:\/\/www.focolare.org\/es\/wp-json\/wp\/v2\/users\/33"}],"replies":[{"embeddable":true,"href":"https:\/\/www.focolare.org\/es\/wp-json\/wp\/v2\/comments?post=310644"}],"version-history":[{"count":0,"href":"https:\/\/www.focolare.org\/es\/wp-json\/wp\/v2\/posts\/310644\/revisions"}],"wp:attachment":[{"href":"https:\/\/www.focolare.org\/es\/wp-json\/wp\/v2\/media?parent=310644"}],"wp:term":[{"taxonomy":"category","embeddable":true,"href":"https:\/\/www.focolare.org\/es\/wp-json\/wp\/v2\/categories?post=310644"},{"taxonomy":"post_tag","embeddable":true,"href":"https:\/\/www.focolare.org\/es\/wp-json\/wp\/v2\/tags?post=310644"}],"curies":[{"name":"wp","href":"https:\/\/api.w.org\/{rel}","templated":true}]}}