{"id":310652,"date":"2020-01-24T18:28:04","date_gmt":"2020-01-24T17:28:04","guid":{"rendered":"https:\/\/www.focolare.org\/una-pelicula-en-la-tv-sobre-chiara-lubich-para-la-rai-television-italiana\/"},"modified":"2024-05-15T20:49:53","modified_gmt":"2024-05-15T18:49:53","slug":"una-pelicula-en-la-tv-sobre-chiara-lubich-para-la-rai-television-italiana","status":"publish","type":"post","link":"https:\/\/www.focolare.org\/es\/una-pelicula-en-la-tv-sobre-chiara-lubich-para-la-rai-television-italiana\/","title":{"rendered":"Una pel\u00edcula en la TV sobre Chiara Lubich para la RAI, televisi\u00f3n italiana"},"content":{"rendered":"<p><em>La direcci\u00f3n se le confi\u00f3 a Giacomo Campiotti, las grabaciones empezar\u00e1n la pr\u00f3xima primavera y se har\u00e1n en Roma y en Trento, su ciudad natal.<\/em>  \u201cLa fuerza de una figura como la de Chiara hoy nos permite ver al otro como una posibilidad, un don, como portador de una semilla de verdad que hay que valorar y amar, no importa cu\u00e1n distante pueda estar. Ve la fraternidad universal como presupuesto del di\u00e1logo y la paz\u201d. Es lo que se lee en la nota de prensa en la que Luca Barbareschi, productor de Eliseo Fiction, y de Rai Fiction se dicen \u201corgullosos\u201d de anunciar que se realizar\u00e1 una pel\u00edcula sobre Chiara Lubich para la televisi\u00f3n italiana. La direcci\u00f3n ha sido confiada a Giacomo Campiotti, las grabaciones iniciar\u00e1n la pr\u00f3xima primavera en Roma y Trento, su ciudad natal.  La nota prosigue explicando que \u201cCuando Chiara era muy joven, en los a\u00f1os de la Segunda Guerra Mundial, sinti\u00f3 el llamado a construir un mundo mejor, un mundo m\u00e1s unido. Desde entonces se plante\u00f3 el objetivo de construir puentes entre las personas pertenecientes a cualquier raza, naci\u00f3n o credo religiosoEl mensaje de Chiara no pertenece solamente al mundo cat\u00f3lico, su aporte ha contribuido a valorar a la mujer y su papel, tambi\u00e9n y sobre todo, m\u00e1s all\u00e1 de la instituci\u00f3n eclesi\u00e1stica\u201d. <\/p>\n<p style=\"text-align: right;\"><em>A cargo de la redacci\u00f3n de focolare.org<\/em><\/p>\n","protected":false},"excerpt":{"rendered":"<p>La direcci\u00f3n se le confi\u00f3 a Giacomo Campiotti, las grabaciones empezar\u00e1n la pr\u00f3xima primavera y se har\u00e1n en Roma y en Trento, su ciudad natal.<\/p>\n","protected":false},"author":33,"featured_media":0,"comment_status":"open","ping_status":"open","sticky":false,"template":"","format":"standard","meta":{"give_campaign_id":0,"_seopress_robots_primary_cat":"","_seopress_titles_title":"","_seopress_titles_desc":"","_seopress_robots_index":"","_et_pb_use_builder":"","_et_pb_old_content":"","_et_gb_content_width":"","footnotes":""},"categories":[46],"tags":[],"class_list":["post-310652","post","type-post","status-publish","format-standard","hentry","category-sin-categorizar"],"_links":{"self":[{"href":"https:\/\/www.focolare.org\/es\/wp-json\/wp\/v2\/posts\/310652","targetHints":{"allow":["GET"]}}],"collection":[{"href":"https:\/\/www.focolare.org\/es\/wp-json\/wp\/v2\/posts"}],"about":[{"href":"https:\/\/www.focolare.org\/es\/wp-json\/wp\/v2\/types\/post"}],"author":[{"embeddable":true,"href":"https:\/\/www.focolare.org\/es\/wp-json\/wp\/v2\/users\/33"}],"replies":[{"embeddable":true,"href":"https:\/\/www.focolare.org\/es\/wp-json\/wp\/v2\/comments?post=310652"}],"version-history":[{"count":0,"href":"https:\/\/www.focolare.org\/es\/wp-json\/wp\/v2\/posts\/310652\/revisions"}],"wp:attachment":[{"href":"https:\/\/www.focolare.org\/es\/wp-json\/wp\/v2\/media?parent=310652"}],"wp:term":[{"taxonomy":"category","embeddable":true,"href":"https:\/\/www.focolare.org\/es\/wp-json\/wp\/v2\/categories?post=310652"},{"taxonomy":"post_tag","embeddable":true,"href":"https:\/\/www.focolare.org\/es\/wp-json\/wp\/v2\/tags?post=310652"}],"curies":[{"name":"wp","href":"https:\/\/api.w.org\/{rel}","templated":true}]}}