{"id":310660,"date":"2020-02-03T03:00:43","date_gmt":"2020-02-03T02:00:43","guid":{"rendered":"https:\/\/www.focolare.org\/evangelio-vivido-sentirse-parte-de-una-gran-familia\/"},"modified":"2024-05-15T20:49:55","modified_gmt":"2024-05-15T18:49:55","slug":"evangelio-vivido-sentirse-parte-de-una-gran-familia","status":"publish","type":"post","link":"https:\/\/www.focolare.org\/es\/evangelio-vivido-sentirse-parte-de-una-gran-familia\/","title":{"rendered":"Evangelio vivido: sentirse parte de una gran familia"},"content":{"rendered":"<p><em>Gran parte de la cultura en la que estamos inmersos exalta la agresi\u00f3n en todas sus formas como la mejor arma ganadora para lograr el \u00e9xito. El Evangelio, en cambio, nos presenta una paradoja: reconocer nuestras debilidades, limitaciones, fragilidades como punto de partida para entablar una relaci\u00f3n con Dios y participar con \u00c9l en la conquista m\u00e1s grande: la fraternidad universal.<\/em>  <strong>Recesi\u00f3n<\/strong> Debido a la situaci\u00f3n de crisis en nuestro pa\u00eds, ve\u00eda disminuir el trabajo y los ingresos eran cada vez m\u00e1s peque\u00f1os. Ya no llegaban pedidos de nuestros clientes. En casa hab\u00edamos reducido los gastos, tratando de vivir con menos. Aprend\u00ed a conciliar el sue\u00f1o a pesar de las deudas, a estar m\u00e1s con los ni\u00f1os para que la situaci\u00f3n no pesara sobre ellos. Comenc\u00e9 a rezar nuevamente, creyendo firmemente en el Evangelio que dice: \u201cDen y se les dar\u00e1\u201d. Esto lo hemos visto todos los d\u00edas. Mientras tanto, hicimos todo lo que pudimos: recolectar peri\u00f3dicos, cartones, latas y botellas de vidrio para venderlos. Los ni\u00f1os fueron a vender bolsas con golosinas&#8230; Muchas personas ven\u00edan a pedirnos comida y suced\u00eda que d\u00e1bamos lo \u00fanico que nos quedaba. Un d\u00eda mi esposa dio un kilo de arroz y esa misma noche recibimos dos kilos de lentejas. Una de nuestras vecinas dej\u00f3 un autom\u00f3vil frente a nuestra puerta: \u201cT\u00f3menlo, lo pagar\u00e1n cuando puedan\u201d. As\u00ed podemos llevar a nuestra tercera hija, nacida con s\u00edndrome de Down, a que haga el tratamiento necesario. (M.T. &#8211; Chile)  <strong>Creciendo como padres<\/strong> Hab\u00edamos notado cambios en nuestro hijo. Un d\u00eda, con infinita delicadeza, le pregunt\u00e9 si hab\u00eda alg\u00fan problema. Me confi\u00f3 que hab\u00eda entrado en el negocio de las drogas. Lo habl\u00e9 con mi esposo. Esa noche no dormimos. Nos sent\u00edamos impotentes y tambi\u00e9n fracasados como padres. Joao tambi\u00e9n tra\u00eda sus amigos a casa. Sufr\u00edamos por la forma en que se comportaban. Con mi esposo nos encontramos ante una opci\u00f3n: decidimos amar y servir a esos chicos. Por el bien de nuestro hijo, no fuimos de vacaciones para no dejarlo solo. Mientras tanto, en m\u00ed y en mi esposo, crec\u00eda la certeza de que el amor vencer\u00eda. Un d\u00eda, Joao nos dijo que no quer\u00eda salir de casa y nos pidi\u00f3 que tambi\u00e9n ayud\u00e1ramos a sus amigos. Comenz\u00f3 una vida nueva. Con esta experiencia, a pesar de no tener otra formaci\u00f3n que la vida del Evangelio vivido, fundamos el grupo de Familias An\u00f3nimas en nuestra ciudad con el objetivo de ayudar a las familias de los drogadictos. Muchos j\u00f3venes se han recuperado. (O.P. &#8211; Portugal)  <strong>Refugiados<\/strong> Habiendo escuchado que un joven refugiado alban\u00e9s estaba buscando alojamiento, lo ayudamos en la b\u00fasqueda y mientras tanto lo alojamos en nuestra casa. Nuestros parientes no estaban de acuerdo, nos pon\u00edan muchos problemas y dec\u00edan que \u00e9ramos inconscientes, pero tal vez tambi\u00e9n debido a esta ruptura moment\u00e1nea, encontramos en la unidad entre los dos la fuerza para continuar de todos modos. Despu\u00e9s de unos d\u00edas se encuentra un apartamento. Junto con B., un artesano que hab\u00eda decidido contratar al alban\u00e9s, vamos al cuartel para hacer los tr\u00e1mites. El impacto con ese lugar, donde cientos de personas esperan alojamiento, es grave. Nos sentimos impotentes, pero B. al final decide contratar no a uno sino a tres albaneses, uno de los cuales menor de edad, del cual se hace responsable. Unos pocos meses son suficientes para que los tres j\u00f3venes puedan trabajar e integrarse en la vida del pueblo, donde hemos tratado de involucrar a la mayor cantidad de personas posible para darles la oportunidad de sentirse parte de una familia numerosa. (S.E. &#8211; Italia)  <strong>Confirmaci\u00f3n<\/strong> Mi prometida, Giorgia, quiere casarse en la iglesia. Necesito un certificado de confirmaci\u00f3n que no tengo y se requiere una preparaci\u00f3n. Al principio parece sencillo, pero cuando me encuentro con ni\u00f1os mucho m\u00e1s chicos que yo, escuchar las lecciones de catecismo, me parece demasiado. Me gustar\u00eda no hacerlo. Giorgia no cambia de opini\u00f3n, est\u00e1 convencida del sacramento del matrimonio. Nuestra relaci\u00f3n entra en un t\u00fanel. Pr\u00e1cticamente, posponemos la fecha de la boda. Estos son meses de sufrimiento y preguntas. Fui formado pensando en la iglesia como una instituci\u00f3n retr\u00f3grada y ahora estoy pidiendo un certificado. Lo que me enoja es que para Giorgia esto no es una formalidad, sino una forma de establecer una familia. Nuestra relaci\u00f3n se desvanece. En esos d\u00edas, en un accidente, mi madre queda paral\u00edtica. Giorgia viene a visitarla todos los d\u00edas y mi madre encuentra en ella no solo amistad, sino un tipo de presencia que la ayuda a aceptar su estado con serenidad. Comprendo que Giorgia tiene razones profundas para hacerlo. En m\u00ed desaparecen las dudas: cueste lo que cueste ella es la mujer de mi vida. (M.A. &#8211; Italia) <\/p>\n<p style=\"text-align: right;\"><em>a cargo de Stefania Tanesini<\/em> <em>(tomado de Il Vangelo del Giorno, Citt\u00e0 Nuova, a\u00f1o VI, n.1, enero-febrero 2020)<\/em><\/p>\n","protected":false},"excerpt":{"rendered":"<p>Gran parte de la cultura en la que estamos inmersos exalta la agresi\u00f3n en todas sus formas como la mejor arma ganadora para lograr el \u00e9xito. El Evangelio, en cambio, nos presenta una paradoja: reconocer nuestras debilidades, limitaciones, fragilidades como punto de partida para entablar una relaci\u00f3n con Dios y participar con \u00c9l en la conquista m\u00e1s grande: la fraternidad universal.<\/p>\n","protected":false},"author":33,"featured_media":0,"comment_status":"open","ping_status":"open","sticky":false,"template":"","format":"standard","meta":{"give_campaign_id":0,"_seopress_robots_primary_cat":"","_seopress_titles_title":"","_seopress_titles_desc":"","_seopress_robots_index":"","_et_pb_use_builder":"","_et_pb_old_content":"","_et_gb_content_width":"","footnotes":""},"categories":[46],"tags":[],"class_list":["post-310660","post","type-post","status-publish","format-standard","hentry","category-sin-categorizar"],"_links":{"self":[{"href":"https:\/\/www.focolare.org\/es\/wp-json\/wp\/v2\/posts\/310660","targetHints":{"allow":["GET"]}}],"collection":[{"href":"https:\/\/www.focolare.org\/es\/wp-json\/wp\/v2\/posts"}],"about":[{"href":"https:\/\/www.focolare.org\/es\/wp-json\/wp\/v2\/types\/post"}],"author":[{"embeddable":true,"href":"https:\/\/www.focolare.org\/es\/wp-json\/wp\/v2\/users\/33"}],"replies":[{"embeddable":true,"href":"https:\/\/www.focolare.org\/es\/wp-json\/wp\/v2\/comments?post=310660"}],"version-history":[{"count":0,"href":"https:\/\/www.focolare.org\/es\/wp-json\/wp\/v2\/posts\/310660\/revisions"}],"wp:attachment":[{"href":"https:\/\/www.focolare.org\/es\/wp-json\/wp\/v2\/media?parent=310660"}],"wp:term":[{"taxonomy":"category","embeddable":true,"href":"https:\/\/www.focolare.org\/es\/wp-json\/wp\/v2\/categories?post=310660"},{"taxonomy":"post_tag","embeddable":true,"href":"https:\/\/www.focolare.org\/es\/wp-json\/wp\/v2\/tags?post=310660"}],"curies":[{"name":"wp","href":"https:\/\/api.w.org\/{rel}","templated":true}]}}