{"id":310698,"date":"2020-03-02T16:47:36","date_gmt":"2020-03-02T15:47:36","guid":{"rendered":"https:\/\/www.focolare.org\/el-profesor-giuseppe-argiolas-es-el-nuvo-rector-del-instituto-universitario-sophia\/"},"modified":"2024-05-15T20:50:01","modified_gmt":"2024-05-15T18:50:01","slug":"el-profesor-giuseppe-argiolas-es-el-nuvo-rector-del-instituto-universitario-sophia","status":"publish","type":"post","link":"https:\/\/www.focolare.org\/es\/el-profesor-giuseppe-argiolas-es-el-nuvo-rector-del-instituto-universitario-sophia\/","title":{"rendered":"El profesor Giuseppe Argiolas es el nuvo Rector del Instituto Universitario Sophia"},"content":{"rendered":"<p><em>Despu\u00e9s de doce a\u00f1os de presidencia, el profesor Piero Coda, que ha guiado el Instituto Universitario Sophia desde su fundaci\u00f3n, pasa el tim\u00f3n al profesor Giuseppe Argiolas, docente de Management en dicho Instituto.<\/em>  Es el primer cambio de guardia para el Instituto Universitario Sophia (I.U.S.), que tambi\u00e9n coincide con la atribuci\u00f3n por parte de la Congregaci\u00f3n para la Educaci\u00f3n Cat\u00f3lica del t\u00edtulo de \u201cRector\u201d a quien antes era el Decano del Instituto. Por lo tanto, el Prof. <strong>Giuseppe Argiolas es el nuevo Rector de Sophia.<\/strong> <strong>Sucede al Prof. Piero Coda<\/strong> que ha guiado el Instituto desde su fundaci\u00f3n, con sabidur\u00eda y esp\u00edritu de profec\u00eda.  La elecci\u00f3n se realiz\u00f3 el 9 de enero pasado, y la efectu\u00f3 el Consejo Acad\u00e9mico del Instituto. <strong>El 20 de febrero de 2020, con una carta, la Congregaci\u00f3n para la Educaci\u00f3n Cat\u00f3lica<\/strong> nombr\u00f3 Rector del Instituto Universitario Sophia al Prof. Giuseppe Argiolas, por un per\u00edodo de cuatro a\u00f1os. Se celebr\u00f3 esta ma\u00f1ana, en el Aula Magna del Instituto Universitario Sophia, la ceremonia de toma de posesi\u00f3n del nuevo Rector.  <img alt=\"\" alt=\"\" loading=\"lazy\" decoding=\"async\" class=\"wp-image-218084 alignleft\" src=\"https:\/\/www.focolare.org\/wp-content\/uploads\/2020\/03\/Cerimonia-nomina-Rettore-1-453x340.jpeg\" alt=\"\" width=\"300\" height=\"225\" \/>Argiolas naci\u00f3 en Cagliari en 1969. Es docente estable del I. U. Sophia desde 2016, cuando dej\u00f3 su puesto en la Universidad de Cagliari para dedicarse al proyecto de desarrollo del curso de graduaci\u00f3n en Management y dirigir la Escuela de Doctorado del Instituto. Su actividad de investigaci\u00f3n se concentra principalmente en los temas de la Responsabilidad Social de las Empresas y Organizaciones y de la Administraci\u00f3n de Empresas \u201cMission-Driven\u201d (ver la Biograf\u00eda).  <strong>\u00abAnte todo quiero expresar profunda admiraci\u00f3n por el Prof. Piero Coda y un gran agradecimiento por lo que ha hecho hasta hoy<\/strong> \u2013coment\u00f3 el prof. Argiolas-; por mi parte tratar\u00e9 de dar todo lo mejor de m\u00ed en el ejercicio de la tarea que se me ha encomendado, interpretando esta responsabilidad como un servicio de unidad\u00bb. Y prosigue: \u00abTermina la fase fundacional y empieza la de la consolidaci\u00f3n y desarrollo con el traspaso generacional. Pero lo que no tendr\u00e1 que faltar es la dimensi\u00f3n carism\u00e1tica. <strong>Sophia seguir\u00e1 cumpliendo, con fidelidad creativa, la misi\u00f3n para la que fue fundada por Chiara Lubich<\/strong>, recorriendo junto a muchos compa\u00f1eros de viaje \u2013como nos lo ha dicho el Papa Francisco- con \u201calegr\u00eda, visi\u00f3n y decisi\u00f3n\u201d cada vez nuevas, \u201cel camino que acabamos de empezar\u201d\u00bb.  Agrega el prof. Piero Coda, que deja tras doce a\u00f1os de presidencia: \u00abEstoy feliz de la nueva etapa en el camino de Sophia, que empieza bajo la gu\u00eda experta e inspirada de Giuseppe Argiolas, fruto de una constante y consolidada maduraci\u00f3n a todos los niveles. <strong>El nombramiento no ya como Decano sino como Rector por parte de la Congregaci\u00f3n para la Educaci\u00f3n Cat\u00f3lica llega inesperado y lo recibimos como un sello y un ulterior impulso<\/strong>. La ocasi\u00f3n es propicia para renovar junto con el Rector y toda la comunidad acad\u00e9mica, con fuerza y alegr\u00eda, ese pacto de unidad que califica el esp\u00edritu que nos anima y que el Global Compact on Education del Papa Francisco relanza hoy con vigor\u00bb.  <strong>Mar\u00eda Voce, Vice Gran Canciller del Instituto y Presidente del Movimiento de los Focolares,<\/strong> dijo: \u00abEstoy muy contenta de renovar mis felicitaciones al Prof. Giuseppe Argiolas, nuevo Rector del Instituto Universitario Sophia. Su elecci\u00f3n marca sin duda un traspaso de generaci\u00f3n y de \u00e1mbito acad\u00e9mico respecto de la presidencia saliente. <strong>Estoy segura de que el prof. Argiolas les dar\u00e1 el don de sus caracter\u00edsticas personales, permaneciendo fiel al origen carism\u00e1tico de la cultura de la unidad y actualiz\u00e1ndola para responder de la mejor manera posible a las preguntas del tiempo presente\u00bb.<\/strong> <\/p>\n<p style=\"text-align: left;\"><em>Fonte: Ufficio Stampa Istituto Universitario Sophia<\/em><\/p>\n","protected":false},"excerpt":{"rendered":"<p>Despu\u00e9s de doce a\u00f1os de presidencia, el profesor Piero Coda, que ha guiado el Instituto Universitario Sophia desde su fundaci\u00f3n, pasa el tim\u00f3n al profesor Giuseppe Argiolas, docente de Management en dicho Instituto.<\/p>\n","protected":false},"author":24,"featured_media":0,"comment_status":"open","ping_status":"open","sticky":false,"template":"","format":"standard","meta":{"give_campaign_id":0,"_seopress_robots_primary_cat":"","_seopress_titles_title":"","_seopress_titles_desc":"","_seopress_robots_index":"","_et_pb_use_builder":"","_et_pb_old_content":"","_et_gb_content_width":"","footnotes":""},"categories":[46],"tags":[],"class_list":["post-310698","post","type-post","status-publish","format-standard","hentry","category-sin-categorizar"],"_links":{"self":[{"href":"https:\/\/www.focolare.org\/es\/wp-json\/wp\/v2\/posts\/310698","targetHints":{"allow":["GET"]}}],"collection":[{"href":"https:\/\/www.focolare.org\/es\/wp-json\/wp\/v2\/posts"}],"about":[{"href":"https:\/\/www.focolare.org\/es\/wp-json\/wp\/v2\/types\/post"}],"author":[{"embeddable":true,"href":"https:\/\/www.focolare.org\/es\/wp-json\/wp\/v2\/users\/24"}],"replies":[{"embeddable":true,"href":"https:\/\/www.focolare.org\/es\/wp-json\/wp\/v2\/comments?post=310698"}],"version-history":[{"count":0,"href":"https:\/\/www.focolare.org\/es\/wp-json\/wp\/v2\/posts\/310698\/revisions"}],"wp:attachment":[{"href":"https:\/\/www.focolare.org\/es\/wp-json\/wp\/v2\/media?parent=310698"}],"wp:term":[{"taxonomy":"category","embeddable":true,"href":"https:\/\/www.focolare.org\/es\/wp-json\/wp\/v2\/categories?post=310698"},{"taxonomy":"post_tag","embeddable":true,"href":"https:\/\/www.focolare.org\/es\/wp-json\/wp\/v2\/tags?post=310698"}],"curies":[{"name":"wp","href":"https:\/\/api.w.org\/{rel}","templated":true}]}}