{"id":310720,"date":"2020-03-14T10:12:41","date_gmt":"2020-03-14T09:12:41","guid":{"rendered":"https:\/\/www.focolare.org\/vivimos-un-tiempo-de-gracia\/"},"modified":"2024-05-15T20:50:05","modified_gmt":"2024-05-15T18:50:05","slug":"vivimos-un-tiempo-de-gracia","status":"publish","type":"post","link":"https:\/\/www.focolare.org\/es\/vivimos-un-tiempo-de-gracia\/","title":{"rendered":"\u00ab\u00a1Vivimos un tiempo de gracia!\u00bb"},"content":{"rendered":"<p><em>Las palabras de Jes\u00fas Mor\u00e1n, Copresidente del Movimiento de los Focolares, en la Homil\u00eda de la Misa celebrada en privado y transmitida a trav\u00e9s de streaming el 14 de marzo 2020.<\/em>  Homil\u00eda del 14 de marzo de 2020  (&#8230;) En estas \u00faltimas semanas -entre otras cosas, de Cuaresma bien entrada- en mi alma predominaba un pensamiento: la vanidad de todas las cosas, la precariedad de nuestra inteligencia para comprender profundamente la realidad, la vida, el curso de la historia. De hecho, ha sido suficiente un virus, un microorganismo acelular para poner en peligro todos nuestros grandes razonamientos y nuestras seguridades, nuestros planes econ\u00f3micos, nuestras estrategias pol\u00edticas; para desatar el p\u00e1nico en todo el mundo y poner de relieve las miserias de la as\u00ed llamada globalizaci\u00f3n. Como titul\u00f3 un peri\u00f3dico hace unos d\u00edas, usando la jerga del f\u00fatbol: Coronavirus 1 &#8211; Globalizaci\u00f3n 0. Esa es la triste verdad.  Cuando pensaba en las cosas que en los \u00faltimos a\u00f1os se han escrito sobre el fen\u00f3meno de la cultura en nuestros tiempos, los innumerables an\u00e1lisis y contraan\u00e1lisis acerca del futuro de la historia, etc. etc., me invad\u00eda un sentimiento de desolaci\u00f3n y de tristeza casi paralizante. Pero fue entonces cuando llegu\u00e9 a un redescubrimiento formidable: la Revelaci\u00f3n, la Palabra de Dios dirigida al hombre en palabras y en la inteligencia del hombre; el pensamiento de Dios con palabras humanas sobre las profundidades de la vida y de la historia; una bocanada de sentido.  De hecho, creo que solo la Palabra de Dios nos da respuestas para este momento que vivimos, porque solo ella conserva una sabidur\u00eda eterna que va m\u00e1s all\u00e1 de los tiempos sin perder el significado. A la luz de la Revelaci\u00f3n nos damos cuenta de un hecho que es tanto m\u00e1s desconcertante cuanto parad\u00f3jico: que vivimos un tiempo de gracia.  \u00a1Sabidur\u00eda! Esta es la clave exacta. Este es verdaderamente el momento de la sabidur\u00eda, un tiempo para la sabidur\u00eda; una visi\u00f3n de la realidad que viaja en otros par\u00e1metros, hoy extremadamente obligatoria e indispensable. (&#8230;)\u00a0 Sabidur\u00eda que conduce a una inteligencia de la realidad iluminada por el amor y que, precisamente por esta raz\u00f3n, desencadena un formidable movimiento de fraternidad. Verdaderamente Dios puede hacer cosas prodigiosas, incluso en medio del mal. Lo derrota con su designio de amor.  Chiara recorri\u00f3 con su vida casi un siglo, y lo hizo como un r\u00edo de sabidur\u00eda que ha irrigado la tierra. Atenta a los acontecimientos de la historia, no se detuvo en la superficie de las cosas, sino que se adentr\u00f3 en profundidad y altura para acceder al pensamiento y a la visi\u00f3n de Dios y desde Dios. Por eso no prest\u00f3 atenci\u00f3n a nada m\u00e1s que a Su Palabra.  La unidad, en efecto, es el proyecto de Dios sobre la humanidad, el testamento de Jes\u00fas, el Verbo encarnado. Ahora podemos ver c\u00f3mo esta palabra, unidad, puesto que est\u00e1 anclada en la Revelaci\u00f3n, va m\u00e1s all\u00e1 de los episodios pasajeros, los tiempos y las \u00e9pocas. Ella representa una perspectiva de significado que involucra el pasado, el presente y el futuro. Una perspectiva prof\u00e9tica capaz de desencadenar las mejores energ\u00edas de los hombres y de las mujeres de todas las latitudes, culturas, razas y condiciones sociales. Fuertes en la unidad, podemos transformar la \u201cglobalizaci\u00f3n de la indiferencia\u201d en \u201cglobalizaci\u00f3n de la fraternidad\u201d  La competici\u00f3n no ha terminado. Estamos seguros de una cosa: el triunfo ser\u00e1 de la misericordia Dios.<\/p>\n","protected":false},"excerpt":{"rendered":"<p>Las palabras de Jes\u00fas Mor\u00e1n, Copresidente del Movimiento de los Focolares, en la Homil\u00eda de la Misa celebrada en privado y transmitida a trav\u00e9s de streaming el 14 de marzo 2020.<\/p>\n","protected":false},"author":34,"featured_media":0,"comment_status":"open","ping_status":"open","sticky":false,"template":"","format":"standard","meta":{"give_campaign_id":0,"_seopress_robots_primary_cat":"","_seopress_titles_title":"","_seopress_titles_desc":"","_seopress_robots_index":"","_et_pb_use_builder":"","_et_pb_old_content":"","_et_gb_content_width":"","footnotes":""},"categories":[46],"tags":[],"class_list":["post-310720","post","type-post","status-publish","format-standard","hentry","category-sin-categorizar"],"_links":{"self":[{"href":"https:\/\/www.focolare.org\/es\/wp-json\/wp\/v2\/posts\/310720","targetHints":{"allow":["GET"]}}],"collection":[{"href":"https:\/\/www.focolare.org\/es\/wp-json\/wp\/v2\/posts"}],"about":[{"href":"https:\/\/www.focolare.org\/es\/wp-json\/wp\/v2\/types\/post"}],"author":[{"embeddable":true,"href":"https:\/\/www.focolare.org\/es\/wp-json\/wp\/v2\/users\/34"}],"replies":[{"embeddable":true,"href":"https:\/\/www.focolare.org\/es\/wp-json\/wp\/v2\/comments?post=310720"}],"version-history":[{"count":0,"href":"https:\/\/www.focolare.org\/es\/wp-json\/wp\/v2\/posts\/310720\/revisions"}],"wp:attachment":[{"href":"https:\/\/www.focolare.org\/es\/wp-json\/wp\/v2\/media?parent=310720"}],"wp:term":[{"taxonomy":"category","embeddable":true,"href":"https:\/\/www.focolare.org\/es\/wp-json\/wp\/v2\/categories?post=310720"},{"taxonomy":"post_tag","embeddable":true,"href":"https:\/\/www.focolare.org\/es\/wp-json\/wp\/v2\/tags?post=310720"}],"curies":[{"name":"wp","href":"https:\/\/api.w.org\/{rel}","templated":true}]}}