{"id":310744,"date":"2020-04-11T01:10:23","date_gmt":"2020-04-10T23:10:23","guid":{"rendered":"https:\/\/www.focolare.org\/tiempo-de-pascua-aislados-pero-siempre-proyectados-hacia-un-mundo-mas-unido\/"},"modified":"2024-05-15T20:50:10","modified_gmt":"2024-05-15T18:50:10","slug":"tiempo-de-pascua-aislados-pero-siempre-proyectados-hacia-un-mundo-mas-unido","status":"publish","type":"post","link":"https:\/\/www.focolare.org\/es\/tiempo-de-pascua-aislados-pero-siempre-proyectados-hacia-un-mundo-mas-unido\/","title":{"rendered":"Tiempo de Pascua: aislados, pero siempre proyectados hacia un mundo m\u00e1s unido"},"content":{"rendered":"<p><em>La emergencia del Coronavirus impuso restricciones en muchos pa\u00edses y no se puede salir de casa. El aislamiento puede convertirse en un problema, pero la fuerza de la solidaridad y el deseo de permanecer unidos y conectados a trav\u00e9s de las redes sociales es m\u00e1s fuerte. <\/em><em>He aqu\u00ed los augurios de Pascua que van de un lado al otro del mundo.<\/em>  https:\/\/vimeo.com\/406331819<\/p>\n","protected":false},"excerpt":{"rendered":"<p>La emergencia del Coronavirus impuso restricciones en muchos pa\u00edses y no se puede salir de casa. El aislamiento puede convertirse en un problema, pero la fuerza de la solidaridad y el deseo de permanecer unidos y conectados a trav\u00e9s de las redes sociales es m\u00e1s fuerte. He aqu\u00ed los augurios de Pascua que van de un lado al otro del mundo.<\/p>\n","protected":false},"author":33,"featured_media":0,"comment_status":"open","ping_status":"open","sticky":false,"template":"","format":"standard","meta":{"give_campaign_id":0,"_seopress_robots_primary_cat":"","_seopress_titles_title":"","_seopress_titles_desc":"","_seopress_robots_index":"","_et_pb_use_builder":"","_et_pb_old_content":"","_et_gb_content_width":"","footnotes":""},"categories":[46],"tags":[],"class_list":["post-310744","post","type-post","status-publish","format-standard","hentry","category-sin-categorizar"],"_links":{"self":[{"href":"https:\/\/www.focolare.org\/es\/wp-json\/wp\/v2\/posts\/310744","targetHints":{"allow":["GET"]}}],"collection":[{"href":"https:\/\/www.focolare.org\/es\/wp-json\/wp\/v2\/posts"}],"about":[{"href":"https:\/\/www.focolare.org\/es\/wp-json\/wp\/v2\/types\/post"}],"author":[{"embeddable":true,"href":"https:\/\/www.focolare.org\/es\/wp-json\/wp\/v2\/users\/33"}],"replies":[{"embeddable":true,"href":"https:\/\/www.focolare.org\/es\/wp-json\/wp\/v2\/comments?post=310744"}],"version-history":[{"count":0,"href":"https:\/\/www.focolare.org\/es\/wp-json\/wp\/v2\/posts\/310744\/revisions"}],"wp:attachment":[{"href":"https:\/\/www.focolare.org\/es\/wp-json\/wp\/v2\/media?parent=310744"}],"wp:term":[{"taxonomy":"category","embeddable":true,"href":"https:\/\/www.focolare.org\/es\/wp-json\/wp\/v2\/categories?post=310744"},{"taxonomy":"post_tag","embeddable":true,"href":"https:\/\/www.focolare.org\/es\/wp-json\/wp\/v2\/tags?post=310744"}],"curies":[{"name":"wp","href":"https:\/\/api.w.org\/{rel}","templated":true}]}}