{"id":310750,"date":"2020-04-18T13:00:15","date_gmt":"2020-04-18T11:00:15","guid":{"rendered":"https:\/\/www.focolare.org\/el-50o-aniversario-del-earth-day-se-traslada-a-la-red\/"},"modified":"2024-05-15T20:50:11","modified_gmt":"2024-05-15T18:50:11","slug":"el-50o-aniversario-del-earth-day-se-traslada-a-la-red","status":"publish","type":"post","link":"https:\/\/www.focolare.org\/es\/el-50o-aniversario-del-earth-day-se-traslada-a-la-red\/","title":{"rendered":"El 50\u00ba aniversario del Earth Day se traslada a la red"},"content":{"rendered":"<p><em>En Italia, la celebraci\u00f3n del Village for the Earth se convierte en una marat\u00f3n multimedia<\/em>  <img alt=\"\" alt=\"\" loading=\"lazy\" decoding=\"async\" class=\"wp-image-223962 alignleft\" src=\"https:\/\/www.focolare.org\/wp-content\/uploads\/2020\/04\/logoconvillaggio.001-453x340.png\" alt=\"\" width=\"296\" height=\"222\" \/>Todo est\u00e1 interconectado. Esta es la clave que une las celebraciones del 50 aniversario de la Jornada de la tierra, el 22 de abril, con la pandemia de coronavirus que hoy desaf\u00eda a la humanidad. En la Jornada de la tierra, la emergencia sanitaria genera una comunidad global que exige modelos econ\u00f3micos y sociales m\u00e1s justos. Las celebraciones tienen lugar en el quinto aniversario de la enc\u00edclica del papa Francisco <em>Laudato Sii<\/em> sobre el tema de la ecolog\u00eda integral, y en la web los eventos en 193 pa\u00edses. En Italia, el <strong><em>Village for the Earth<\/em><\/strong>, tradicionalmente en Villa Borghese, en Roma, se convierte en una marat\u00f3n multimedia en vivo en Rai Play y con incursiones en otras emisoras. Hablamos de esto con <strong>Pierluigi Sassi<\/strong>, presidente de <strong>Earth Day Italia<\/strong>.  <strong>El 50\u00ba aniversario de la Jornada de la tierra tiene lugar mientras la humanidad se enfrenta al desaf\u00edo del coronavirus que nos lleva a revisar nuestras prioridades, valores y objetivos&#8230;<\/strong> Hoy m\u00e1s que nunca sentimos la urgencia de cambiar el modelo econ\u00f3mico y social que ha gobernado el desarrollo en las \u00faltimas d\u00e9cadas y queremos dar un mensaje de esperanza, ofrecer una clave de lectura que destaque la centralidad del hombre y la necesidad de respetar el planeta. Hemos llamado la atenci\u00f3n del mundo sobre estos temas y la enc\u00edclica del Papa Francisco <em>Laudato Sii,<\/em> con el principio de la ecolog\u00eda integral, ha sido decisiva. Hoy se ha creado una sensibilidad mundial, pero se debe pasar a la acci\u00f3n. El coronavirus alimenta esta necesidad de cambio.  <div id=\"attachment_223961\" style=\"width: 417px\" class=\"wp-caption alignright\"><img alt=\"\" alt=\"\" loading=\"lazy\" decoding=\"async\" aria-describedby=\"caption-attachment-223961\" class=\"wp-image-223961\" src=\"https:\/\/www.focolare.org\/wp-content\/uploads\/2020\/04\/Villaggio_Per_La_Terra_palco-509x340.jpg\" alt=\"\" width=\"407\" height=\"272\" \/><p id=\"caption-attachment-223961\" class=\"wp-caption-text\">VILLAGGIO PER LA TERRA, Earth Day Italia, Villa Borghese, Roma 21 abril 2018<br \/>\u00a9 Lorenzo Gobbi\/Smile Vision Srls<\/p><\/div>  <strong>Lo que surge al observar el desarrollo de la pandemia es la interdependencia de los problemas y las soluciones. Un elemento clave tambi\u00e9n en la batalla por la protecci\u00f3n de la tierra&#8230;<\/strong> El gran concepto que el Papa ha transmitido al mundo es que no hay un problema ambiental, un problema social y econ\u00f3mico, sino que es humano en el que todos estos factores son interdependientes. Esta conciencia se vuelve operativa cuando uno se da cuenta de que se necesita muy poco para una crisis de salud como esta para resaltar problemas que parec\u00edan nos relacionados. De ah\u00ed se desprende la importancia de las relaciones humanas y el compromiso con la solidaridad econ\u00f3mica y social.  <strong>La Jornada tiene un alcance mundial. \u00bfQu\u00e9 v\u00ednculo hay entre las celebraciones en Italia y las de otros pa\u00edses?<\/strong> El coronavirus nos ha obligado a todos a digitalizar las celebraciones llev\u00e1ndolas a la red. Hemos visto que al crear una marat\u00f3n digital se han creado muchas conexiones. Es la belleza de un paso adelante que casi milagrosamente, en la emergencia, se llev\u00f3 a cabo en un esp\u00edritu de unidad, y que hoy en los 193 pa\u00edses donde se celebra la Jornada de la Tierra nos hace sentir m\u00e1s conectados y nos lleva a unir los esfuerzos para un mayor respeto por el hombre y el planeta.  <strong>Para Italia, \u00bfc\u00f3mo se llevar\u00e1n a cabo las celebraciones?<\/strong> Organizamos una marat\u00f3n multimedia llamada <em>\u201cOnePeople, OnePlanet<\/em>\u201d para recordar que pertenecemos a una sola familia humana y vivimos en un \u00fanico planeta. Lo realizaremos con muchos otros medios, incluida la Rai, que transmitir\u00e1 en su totalidad de 8 a 20 en Rai Play, pero tambi\u00e9n con servicios en otros medios, en contenedores RAI y con conexiones internacionales con muchos pa\u00edses donde hablaremos sobre pueblos ind\u00edgenas, deforestaci\u00f3n, de la belleza de nuestro planeta. <\/p>\n<p style=\"text-align: right;\"><em>Claudia Di Lorenzi<\/em><\/p>\n","protected":false},"excerpt":{"rendered":"<p>En Italia, la celebraci\u00f3n del Village for the Earth se convierte en una marat\u00f3n multimedia<\/p>\n","protected":false},"author":33,"featured_media":0,"comment_status":"open","ping_status":"open","sticky":false,"template":"","format":"standard","meta":{"give_campaign_id":0,"_seopress_robots_primary_cat":"","_seopress_titles_title":"","_seopress_titles_desc":"","_seopress_robots_index":"","_et_pb_use_builder":"","_et_pb_old_content":"","_et_gb_content_width":"","footnotes":""},"categories":[46],"tags":[],"class_list":["post-310750","post","type-post","status-publish","format-standard","hentry","category-sin-categorizar"],"_links":{"self":[{"href":"https:\/\/www.focolare.org\/es\/wp-json\/wp\/v2\/posts\/310750","targetHints":{"allow":["GET"]}}],"collection":[{"href":"https:\/\/www.focolare.org\/es\/wp-json\/wp\/v2\/posts"}],"about":[{"href":"https:\/\/www.focolare.org\/es\/wp-json\/wp\/v2\/types\/post"}],"author":[{"embeddable":true,"href":"https:\/\/www.focolare.org\/es\/wp-json\/wp\/v2\/users\/33"}],"replies":[{"embeddable":true,"href":"https:\/\/www.focolare.org\/es\/wp-json\/wp\/v2\/comments?post=310750"}],"version-history":[{"count":0,"href":"https:\/\/www.focolare.org\/es\/wp-json\/wp\/v2\/posts\/310750\/revisions"}],"wp:attachment":[{"href":"https:\/\/www.focolare.org\/es\/wp-json\/wp\/v2\/media?parent=310750"}],"wp:term":[{"taxonomy":"category","embeddable":true,"href":"https:\/\/www.focolare.org\/es\/wp-json\/wp\/v2\/categories?post=310750"},{"taxonomy":"post_tag","embeddable":true,"href":"https:\/\/www.focolare.org\/es\/wp-json\/wp\/v2\/tags?post=310750"}],"curies":[{"name":"wp","href":"https:\/\/api.w.org\/{rel}","templated":true}]}}