{"id":310798,"date":"2020-05-24T06:00:04","date_gmt":"2020-05-24T04:00:04","guid":{"rendered":"https:\/\/www.focolare.org\/semana-laudato-si-por-los-cinco-anos-de-la-enciclica-del-papa\/"},"modified":"2024-05-15T20:50:20","modified_gmt":"2024-05-15T18:50:20","slug":"semana-laudato-si-por-los-cinco-anos-de-la-enciclica-del-papa","status":"publish","type":"post","link":"https:\/\/www.focolare.org\/es\/semana-laudato-si-por-los-cinco-anos-de-la-enciclica-del-papa\/","title":{"rendered":"Semana Laudato si\u2019 por los cinco a\u00f1os de la enc\u00edclica del Papa"},"content":{"rendered":"<p><em>Una campa\u00f1a global que ha involucrado a miles de fieles a trav\u00e9s de seminarios interactivos y formativos sobre el cuidado de la casa com\u00fan.\u00a0 Convocada por el Papa fue organizada por el Dicasterio para el Servicio del Desarrollo Humano Integral con el apoyo de un grupo de partners cat\u00f3licos.<\/em>  Del 16 al 24 de mayo se ha llevado a cabo la <strong>Semana Laudato Si\u2019<\/strong> con el t\u00edtulo \u00a0\u201c<em>Todo est\u00e1 conectado<\/em>\u201d, una campa\u00f1a global con ocasi\u00f3n del\u00a0 5\u00b0 aniversario de la enc\u00edclica del \u00a0<strong>Papa Francisco<\/strong> sobre el cuidado de la casa com\u00fan.  El evento ha involucrado a comunidades cat\u00f3licas de todo el mundo haciendo participar a di\u00f3cesis, parroquias, movimientos y asociaciones, escuelas e instituciones para profundizar el compromiso de cada uno en la salvaguardia de la Creaci\u00f3n y la promoci\u00f3n de una ecolog\u00eda integral.  Por un fuerte deseo del Papa fue organizada por el Dicasterio para el Servicio del Desarrollo Humano Integral, con el apoyo de varios partners cat\u00f3licos entre los cuales el \u00a0<strong>Global Catholic Climate Movement<\/strong> (Movimiento Cat\u00f3lico Global por el Clima) que comprende a m\u00e1s de 900 organizaciones cat\u00f3licas mundiales, entre las cuales el Movimiento de los Focolares.  Durante la Semana varias fueron las iniciativas online siguiendo las l\u00edneas indicadas por la Laudato Si\u2019.\u00a0 Por la emergencia Coronavirus, de hecho, se llev\u00f3 a cabo totalmente online a trav\u00e9s de seminarios interactivos y formativos.  <img alt=\"\" alt=\"\" loading=\"lazy\" decoding=\"async\" class=\"aligncenter size-full wp-image-224531\" src=\"https:\/\/www.focolare.org\/wp-content\/uploads\/2020\/05\/LSW-English.png\" alt=\"\" width=\"744\" height=\"244\" \/>El 24 de mayo se concluye el evento con una jornada mundial de oraci\u00f3n: a las 12 del mediod\u00eda (hora local de cada huso horario), cada uno podr\u00e1 rezar por la Tierra con esa oraci\u00f3n.\u00a0\u00a0 El Papa en el mes de marzo envi\u00f3 un <a href=\"https:\/\/laudatosiweek.org\/es\/home-es\/\" target=\"_blank\" rel=\"noopener noreferrer\">video mensaje<\/a> en donde alentada a los fieles a participar para proteger nuestra casa com\u00fan.\u00a0 Juntos, a trav\u00e9s de la acci\u00f3n y la fe, podemos resolver la crisis ecol\u00f3gica. \u201c\u00bfQu\u00e9 clase de mundo queremos dejar a los que vendr\u00e1n despu\u00e9s de nosotros, a los ni\u00f1os que est\u00e1n creciendo? \u2013 afirma el Papa \u2013. \u00a0Renuevo mi llamado urgente a responder a la crisis ecol\u00f3gica.\u00a0 El grito de la tierra y el grito de los pobres ya no pueden esperar m\u00e1s. Cuidemos la creaci\u00f3n, don de nuestro buen Dios Creador\u201d.  En estos cinco a\u00f1os, la enc\u00edclica del Papa ha sacudido las conciencias de muchos ciudadanos. Han surgido muchas comunidades de personas con el objetivo de hacer algo por el ambiente, impulsados por las palabras del Papa sobre una visi\u00f3n ecol\u00f3gica m\u00e1s atenta a la Casa Com\u00fan.\u00a0 Sin embargo, despu\u00e9s de cinco a\u00f1os, estas palabras resuenan como muy actuales en este momento atormentado por la pandemia Covid-19.  El Dicasterio Vaticano para el Servicio del Desarrollo Humano Integral subraya que las ense\u00f1anzas de la Enc\u00edclica son particularmente relevantes en el contexto actual del Coronavirus que ha paralizado al mundo en muchos sitios. \u00a0\u201cLa pandemia lo ha afectado todo y nos ense\u00f1a que con el compromiso de todos podemos volver a levantarnos y derrotar tambi\u00e9n al virus del ego\u00edsmo social con los anticuerpos de la justicia, la caridad y la solidaridad \u2013 destaca el Sacerdote <strong>Francesco Soddu, director de la C\u00e1ritas de Italia <\/strong>\u2013 para ser constructores de un mundo m\u00e1s justo y sustentable, de un desarrollo humano integral que no deje atr\u00e1s a nadie\u201d.  En esta semana no se habl\u00f3 s\u00f3lo de ecolog\u00eda. Los organizadores se preguntaron: \u00bfcu\u00e1nto pesa la econom\u00eda en lo que se refiere a la salvaguardia de la Creaci\u00f3n? El jueves 21 de mayo, en efecto, se realiz\u00f3 un evento online con la economista inglesa <strong>Kate Raworth<\/strong>, de la Universidad de Oxford y la Universidad de \u00a0Cambridge, uno de los economistas m\u00e1s influyentes a nivel internacional. Este encuentro est\u00e1 dentro del marco del recorrido de preparaci\u00f3n y formaci\u00f3n a \u201c<strong>The Economy of Francesco<\/strong>\u201d,\u00a0el evento deseado por el Papa y que tendr\u00e1 lugar en noviembre en As\u00eds, al que ya se han inscripto 3000 j\u00f3venes empresarios de todo el mundo.  En cuanto al tema de la salvaguardia de la Creaci\u00f3n, \u201cla econom\u00eda pesa al menos en un \u00a050% \u00a0si consideramos la econom\u00eda individual, la econom\u00eda de las empresas y la econom\u00eda de los Estados y los efectos que todo ello produce sobre la contaminaci\u00f3n del planeta \u2013 sostiene el <strong>economista Luigino Bruni <\/strong>-. \u00a0Luego est\u00e1 la pol\u00edtica, nuestros estilos de vida, etc&#8230; \u00a0(\u2026) Si observamos tambi\u00e9n de qu\u00e9 dependen los fracasos de estas d\u00e9cadas, el calentamiento global, por ejemplo, nos damos cuenta de que, en definitiva, la econom\u00eda capitalista lleva un gran peso. \u00a0Por lo tanto, si queremos cambiar tenemos que cambiar la econom\u00eda\u201d.  Vivir la Laudato S\u00ed\u2019, por lo tanto, \u00a0quiere decir dar testimonio de nuestra sensibilidad por el tema de la salvaguardia de la Creaci\u00f3n, pero tambi\u00e9n en el \u00e1mbito econ\u00f3mico, con nuestras opciones de vida. Podemos aportar mucho en la realizaci\u00f3n de una profunda conversi\u00f3n econ\u00f3mica y ecol\u00f3gica a trav\u00e9s de experiencias concretas.\u00a0 Adem\u00e1s tenemos que entender qu\u00e9 tipo de cambio pol\u00edtico promover para escuchar realmente el grito de la tierra y de los pobres. <\/p>\n<p style=\"text-align: right;\"><em>Lorenzo Russo<\/em><\/p>\n<p> &nbsp;<\/p>\n","protected":false},"excerpt":{"rendered":"<p>Una campa\u00f1a global que ha involucrado a miles de fieles a trav\u00e9s de seminarios interactivos y formativos sobre el cuidado de la casa com\u00fan.\u00a0 Convocada por el Papa fue organizada por el Dicasterio para el Servicio del Desarrollo Humano Integral con el apoyo de un grupo de partners cat\u00f3licos.<\/p>\n","protected":false},"author":31,"featured_media":0,"comment_status":"open","ping_status":"open","sticky":false,"template":"","format":"standard","meta":{"give_campaign_id":0,"_seopress_robots_primary_cat":"","_seopress_titles_title":"","_seopress_titles_desc":"","_seopress_robots_index":"","_et_pb_use_builder":"","_et_pb_old_content":"","_et_gb_content_width":"","footnotes":""},"categories":[46],"tags":[],"class_list":["post-310798","post","type-post","status-publish","format-standard","hentry","category-sin-categorizar"],"_links":{"self":[{"href":"https:\/\/www.focolare.org\/es\/wp-json\/wp\/v2\/posts\/310798","targetHints":{"allow":["GET"]}}],"collection":[{"href":"https:\/\/www.focolare.org\/es\/wp-json\/wp\/v2\/posts"}],"about":[{"href":"https:\/\/www.focolare.org\/es\/wp-json\/wp\/v2\/types\/post"}],"author":[{"embeddable":true,"href":"https:\/\/www.focolare.org\/es\/wp-json\/wp\/v2\/users\/31"}],"replies":[{"embeddable":true,"href":"https:\/\/www.focolare.org\/es\/wp-json\/wp\/v2\/comments?post=310798"}],"version-history":[{"count":0,"href":"https:\/\/www.focolare.org\/es\/wp-json\/wp\/v2\/posts\/310798\/revisions"}],"wp:attachment":[{"href":"https:\/\/www.focolare.org\/es\/wp-json\/wp\/v2\/media?parent=310798"}],"wp:term":[{"taxonomy":"category","embeddable":true,"href":"https:\/\/www.focolare.org\/es\/wp-json\/wp\/v2\/categories?post=310798"},{"taxonomy":"post_tag","embeddable":true,"href":"https:\/\/www.focolare.org\/es\/wp-json\/wp\/v2\/tags?post=310798"}],"curies":[{"name":"wp","href":"https:\/\/api.w.org\/{rel}","templated":true}]}}