{"id":310820,"date":"2020-06-07T01:00:28","date_gmt":"2020-06-06T23:00:28","guid":{"rendered":"https:\/\/www.focolare.org\/el-compromiso-de-los-focolares-por-un-mundo-libre-de-toda-forma-de-racismo\/"},"modified":"2024-05-15T20:50:23","modified_gmt":"2024-05-15T18:50:23","slug":"el-compromiso-de-los-focolares-por-un-mundo-libre-de-toda-forma-de-racismo","status":"publish","type":"post","link":"https:\/\/www.focolare.org\/es\/el-compromiso-de-los-focolares-por-un-mundo-libre-de-toda-forma-de-racismo\/","title":{"rendered":"El compromiso de los Focolares por un mundo libre de toda forma de racismo"},"content":{"rendered":"<p><em>Tras los hechos de Minneapolis y las manifestaciones en todo el mundo nos sentimos impotentes e indignados, pero, sin embargo, seguimos creyendo y trabajando por un esp\u00edritu abierto de acogida y participaci\u00f3n para afrontar las necesidades m\u00e1s profundas de nuestro tiempo.<\/em>  <div id=\"attachment_224749\" style=\"width: 305px\" class=\"wp-caption alignleft\"><img alt=\"\" alt=\"\" loading=\"lazy\" decoding=\"async\" aria-describedby=\"caption-attachment-224749\" class=\"wp-image-224749 size-medium\" src=\"https:\/\/www.focolare.org\/wp-content\/uploads\/2020\/06\/WhatsApp-Image-2020-06-07-at-10.57.03-e1591525848304-295x340.jpeg\" alt=\"\" width=\"295\" height=\"340\" \/><p id=\"caption-attachment-224749\" class=\"wp-caption-text\">Foto: Josh Hild (Pexels)<\/p><\/div>  \u201cMientras tenemos a\u00fan delante de nuestros ojos los recientes sucesos que han puesto en evidencia una vez m\u00e1s la odiosa realidad de la injusticia racial y la violencia, tenemos el coraz\u00f3n destrozado.\u00a0 Nos sentimos impotentes e indignados.\u00a0\u00a0 A pesar de ello, mantenemos la esperanza\u201d.  \u00c9stas son algunas de las expresiones de la Declaraci\u00f3n con la que la comunidad de los Focolares en los Estados Unidos expresa su compromiso respecto de la justicia racial tras los hechos de \u00a0Minneapolis \u00a0y las protestas a las que estamos asistiendo en todo el mundo. \u00a0<strong>Un compromiso compartido a nivel global y que volvemos a afirmar aqu\u00ed, en nombre de todos los miembros del Movimiento de los Focolares en el mundo.<\/strong>  Con el <a href=\"http:\/\/www.vatican.va\/content\/francesco\/es\/audiences\/2020\/documents\/papa-francesco_20200603_udienza-generale.html\" target=\"_blank\" rel=\"noopener noreferrer\"><strong>Papa Francisco<\/strong><\/a> y muchos l\u00edderes religiosos y civiles, nosotros tambi\u00e9n afirmamos que \u201cNo podemos tolerar ni cerrar los ojos ante ning\u00fan racismo, de cualquier tipo, ante ninguna exclusi\u00f3n\u201d y que nos comprometemos a \u201csostener las acciones buenas y justas m\u00e1s dif\u00edciles en lugar de los f\u00e1ciles errores de la indiferencia\u201d, como sostienen los obispos estadounidenses.\u00a0\u00a0 \u201cNo podemos cerrar los ojos ante estas atrocidades y al mismo tiempo profesar el respeto por toda vida humana. Nosotros servimos a un Dios de amor, de misericordia y de justicia\u201d.  <div id=\"attachment_224750\" style=\"width: 435px\" class=\"wp-caption alignright\"><img alt=\"\" alt=\"\" loading=\"lazy\" decoding=\"async\" aria-describedby=\"caption-attachment-224750\" class=\"wp-image-224750\" src=\"https:\/\/www.focolare.org\/wp-content\/uploads\/2020\/06\/WhatsApp-Image-2020-06-07-at-10.57.04-1-510x340.jpeg\" alt=\"\" width=\"425\" height=\"283\" \/><p id=\"caption-attachment-224750\" class=\"wp-caption-text\">Foto: Kelly Lacy (Pexels)<\/p><\/div>  En un momento como \u00e9ste, en el que \u201cel sue\u00f1o de nuestra fundadora, Chiara Lubich, que anhelaba ver pasos adelante en la realizaci\u00f3n de la oraci\u00f3n de Jes\u00fas al Padre, \u2018que todos sean una sola cosa\u2019 \u00a0(Juan 17,21), \u00a0pareciera lejano, como si estuviera fuera de nuestro alcance\u201d<a href=\"#_ftn1\" name=\"_ftnref1\">[1]<\/a>, <strong>nos preguntamos qu\u00e9 podemos hacer tanto personalmente como a nivel comunitario.<\/strong> \u00bfQu\u00e9 cambios hay que realizar en cada uno de nosotros? \u00a0\u00bfDe qu\u00e9 manera podemos hacer que nuestra voz se oiga en el debate p\u00fablico para sostener al que sufre formas de racismo y otras injusticias?  \u201cNuestro objetivo es promover un profundo esp\u00edritu de abierta acogida y vibrante participaci\u00f3n en nuestras comunidades culturalmente diferentes e intergeneracionales. Tomemos como gu\u00eda las palabras de Chiara Lubich: \u2018Sean una familia\u2019 \u201c<a href=\"#_ftn2\" name=\"_ftnref2\">[2]<\/a>.  Creamos y sigamos en el compromiso de hacer nacer <strong>comunidades locales que est\u00e9n fundadas aut\u00e9nticamente en la ley evang\u00e9lica de la fraternidad<\/strong>; un principio y una acci\u00f3n que tambi\u00e9n nos unen a todos los hermanos y las hermanas de todas las Religiones y a quien no se reconoce en un determinado credo.\u00a0 Queremos dedicar nuestros esfuerzos sobre todo a los m\u00e1s j\u00f3venes, que pueden experimentar un miedo especial y una aprensi\u00f3n de frente al futuro.  Frente a estas divisiones profundas y enraizadas, los proyectos y las iniciativas que llevamos adelante pueden parecer peque\u00f1os e ineficaces y\u00a0 el camino puede presentarse \u00a0largo a\u00fan. Proyectos como la <a href=\"https:\/\/www.edc-online.org\/es\/\" target=\"_blank\" rel=\"noopener noreferrer\"><strong>Econom\u00eda de Comuni\u00f3n,<\/strong><\/a> el <strong><a href=\"http:\/\/www.mppu.org\/es\/\" target=\"_blank\" rel=\"noopener noreferrer\">Movimiento pol\u00edtico por la unidad (Mppu)<\/a><\/strong> y el \u00a0<a href=\"http:\/\/www.unitedworldproject.org\/es\/el-proyecto\/naturaleza-y-valores\/\" target=\"_blank\" rel=\"noopener noreferrer\"><strong>United World Project<\/strong><\/a>, la estrategia global propuesta por los j\u00f3venes de los Focolares para afrontar los retos mundiales que se presentan, pueden parecer gotas en el oc\u00e9ano, y sin embargo <strong>estamos convencidos de que contienen, como en una semilla, ideas potentes, capaces de ser un aporte para afrontar las necesidades m\u00e1s profundas de nuestro tiempo, <\/strong>junto a tanta gente, organizaciones y comunidades que constituyen esa red invisible capaz de salvar a la humanidad. <\/p>\n<p style=\"text-align: right;\"><em>Stefania Tanesini<\/em><\/p>\n<p> <a href=\"#_ftnref1\" name=\"_ftn1\">[1]<\/a> Declaraci\u00f3n del \u00a0<em>U.S. Focolare Movement: our commitment to racial justice<\/em> &#8211; <a href=\"https:\/\/www.focolare.org\/usa\/files\/2020\/06\/Focolare-Statement-on-Racial-Justice.pdf\">https:\/\/www.focolare.org\/usa\/files\/2020\/06\/Focolare-Statement-on-Racial-Justice.pdf<\/a>  <a href=\"#_ftnref2\" name=\"_ftn2\">[2]<\/a> Ibid.<\/p>\n","protected":false},"excerpt":{"rendered":"<p>Tras los hechos de Minneapolis y las manifestaciones en todo el mundo nos sentimos impotentes e indignados, pero, sin embargo, seguimos creyendo y trabajando por un esp\u00edritu abierto de acogida y participaci\u00f3n para afrontar las necesidades m\u00e1s profundas de nuestro tiempo.<\/p>\n","protected":false},"author":33,"featured_media":0,"comment_status":"open","ping_status":"open","sticky":false,"template":"","format":"standard","meta":{"give_campaign_id":0,"_seopress_robots_primary_cat":"","_seopress_titles_title":"","_seopress_titles_desc":"","_seopress_robots_index":"","_et_pb_use_builder":"","_et_pb_old_content":"","_et_gb_content_width":"","footnotes":""},"categories":[46],"tags":[],"class_list":["post-310820","post","type-post","status-publish","format-standard","hentry","category-sin-categorizar"],"_links":{"self":[{"href":"https:\/\/www.focolare.org\/es\/wp-json\/wp\/v2\/posts\/310820","targetHints":{"allow":["GET"]}}],"collection":[{"href":"https:\/\/www.focolare.org\/es\/wp-json\/wp\/v2\/posts"}],"about":[{"href":"https:\/\/www.focolare.org\/es\/wp-json\/wp\/v2\/types\/post"}],"author":[{"embeddable":true,"href":"https:\/\/www.focolare.org\/es\/wp-json\/wp\/v2\/users\/33"}],"replies":[{"embeddable":true,"href":"https:\/\/www.focolare.org\/es\/wp-json\/wp\/v2\/comments?post=310820"}],"version-history":[{"count":0,"href":"https:\/\/www.focolare.org\/es\/wp-json\/wp\/v2\/posts\/310820\/revisions"}],"wp:attachment":[{"href":"https:\/\/www.focolare.org\/es\/wp-json\/wp\/v2\/media?parent=310820"}],"wp:term":[{"taxonomy":"category","embeddable":true,"href":"https:\/\/www.focolare.org\/es\/wp-json\/wp\/v2\/categories?post=310820"},{"taxonomy":"post_tag","embeddable":true,"href":"https:\/\/www.focolare.org\/es\/wp-json\/wp\/v2\/tags?post=310820"}],"curies":[{"name":"wp","href":"https:\/\/api.w.org\/{rel}","templated":true}]}}