{"id":310838,"date":"2020-06-18T01:00:37","date_gmt":"2020-06-17T23:00:37","guid":{"rendered":"https:\/\/www.focolare.org\/para-dar-gracias\/"},"modified":"2024-05-15T20:50:26","modified_gmt":"2024-05-15T18:50:26","slug":"para-dar-gracias","status":"publish","type":"post","link":"https:\/\/www.focolare.org\/es\/para-dar-gracias\/","title":{"rendered":"Para dar GRACIAS"},"content":{"rendered":"<p><em>Un nuevo video del Gen Verde dedicado a Chiara Lubich<\/em>  <img alt=\"\" alt=\"\" loading=\"lazy\" decoding=\"async\" class=\"wp-image-224887 alignleft\" src=\"https:\/\/www.focolare.org\/wp-content\/uploads\/2020\/06\/Che-Siano-Uno-604x340.jpeg\" alt=\"\" width=\"410\" height=\"231\" \/>No hay que darlo por descontado, ni es algo superficial. Dar las gracias a alguien es sencillo y profundo al mismo tiempo. Con esta intenci\u00f3n, el <a href=\"http:\/\/www.genverde.it\/\" target=\"_blank\" rel=\"noopener noreferrer\">Gen Verde<\/a> ha publicado en YouTube el nuevo video de la canci\u00f3n \u201cChe siano uno\u201d (\u201cQue sean uno\u201d). Una pieza dedicada a <strong>Chiara Lubich<\/strong> y a su ideal: la fraternidad universal. Un video que quiere recordarla en el a\u00f1o en que se celebra el centenario de su nacimiento.  \u201cCon este video \u2013afirma <strong>Adriana<\/strong> de <strong>M\u00e9xico<\/strong>&#8211; no queremos tan s\u00f3lo conmemorar o recordar a Chiara Lubich como se hace en familia hojeando los \u00e1lbumes que hablan de eventos e historias importantes sino, sobre todo, hoy nos importa m\u00e1s que nunca que muchas personas puedan encontrarla en la sociedad de hoy, en ese suyo-nuestro ideal que se encarna en los diferentes \u00e1mbitos de la vida civil, religiosa y pol\u00edtica. La recordamos porque fue ella quien dio vida al Gen Verde, fue ella quien gui\u00f3 nuestros primeros pasos, fue ella quien nos regal\u00f3 los primeros instrumentos de los que parti\u00f3 todo. As\u00ed como a muchas de nosotras nos fascinaron sus gestos, sus palabras y su vida, ahora sentimos que debemos ser testigos aut\u00e9nticos y cre\u00edbles de su mensaje\u201d.  Un fuerte ideal nacido bajo las bombas de la segunda guerra mundial, pero actual\u00edsimo a\u00fan hoy cuando la televisi\u00f3n y las redes sociales nos muestran oleadas de racismo y discriminaci\u00f3n.  Si bien se est\u00e1 logrando erradicar razonablemente la emergencia por el covid-19 en algunos continentes, no es menos cierto que en otros ha crecido la brecha entre ricos y pobres, negros y blancos, entre quien puede permitirse los cuidados m\u00e9dicos necesarios para sobrevivir y los que caen como fichas de domin\u00f3 en medio de la calle.  \u201cEstamos absolutamente convencidas que la fraternidad universal \u2013explica <strong>Beatrice<\/strong> de <strong>Corea<\/strong>\u2013 es posible y no es una utop\u00eda; es lo que experimentamos cotidianamente e intentamos transformar nuestras experiencias en m\u00fasica. Muchas veces se trata de cosas sencillas -aunque no hay que darlas por descontado- las que hacen caer prejuicios o barreras culturales\u201d.  Es lo que hizo Chiara Lubich desde 1943, a\u00f1o de fundaci\u00f3n del Movimiento de los Focolares. Paso a paso, con constancia y tenacidad, junto a sus amigas, construy\u00f3 relaciones nuevas, profundas y al mismo tiempo revolucionarias, al principio, dentro de su ciudad (Trento, Italia) y despu\u00e9s en todo el mundo. El propio video del Gen Verde ha captado im\u00e1genes fotogr\u00e1ficas importantes: Chiara junto a jud\u00edos, sijs, hind\u00faes, musulmanes y con los l\u00edderes de dos tribus de Camer\u00fan. Im\u00e1genes que reflejan momentos hist\u00f3ricos y que permanecer\u00e1n para siempre en la historia de la humanidad.  \u201cEvidentemente el gracias m\u00e1s grande que podemos dar a Chiara \u2013explica <strong>Nancy<\/strong> de <strong>Estados Unidos<\/strong>\u2013 es vivir por su ideal pero con este video queremos darle un inmenso gracias; fue ella quien nos cre\u00f3, sin ella no existir\u00eda el Gen Verde\u201d.  Para ver el video \u00a1haz clic aqu\u00ed! <a href=\"https:\/\/youtu.be\/A3xuaqtkOj8\">https:\/\/youtu.be\/A3xuaqtkOj8<\/a> <\/p>\n<p style=\"text-align: right;\"><em>Tiziana Nicastro<\/em><\/p>\n","protected":false},"excerpt":{"rendered":"<p>Un nuevo video del Gen Verde dedicado a Chiara Lubich<\/p>\n","protected":false},"author":33,"featured_media":0,"comment_status":"open","ping_status":"open","sticky":false,"template":"","format":"standard","meta":{"give_campaign_id":0,"_seopress_robots_primary_cat":"","_seopress_titles_title":"","_seopress_titles_desc":"","_seopress_robots_index":"","_et_pb_use_builder":"","_et_pb_old_content":"","_et_gb_content_width":"","footnotes":""},"categories":[46],"tags":[],"class_list":["post-310838","post","type-post","status-publish","format-standard","hentry","category-sin-categorizar"],"_links":{"self":[{"href":"https:\/\/www.focolare.org\/es\/wp-json\/wp\/v2\/posts\/310838","targetHints":{"allow":["GET"]}}],"collection":[{"href":"https:\/\/www.focolare.org\/es\/wp-json\/wp\/v2\/posts"}],"about":[{"href":"https:\/\/www.focolare.org\/es\/wp-json\/wp\/v2\/types\/post"}],"author":[{"embeddable":true,"href":"https:\/\/www.focolare.org\/es\/wp-json\/wp\/v2\/users\/33"}],"replies":[{"embeddable":true,"href":"https:\/\/www.focolare.org\/es\/wp-json\/wp\/v2\/comments?post=310838"}],"version-history":[{"count":0,"href":"https:\/\/www.focolare.org\/es\/wp-json\/wp\/v2\/posts\/310838\/revisions"}],"wp:attachment":[{"href":"https:\/\/www.focolare.org\/es\/wp-json\/wp\/v2\/media?parent=310838"}],"wp:term":[{"taxonomy":"category","embeddable":true,"href":"https:\/\/www.focolare.org\/es\/wp-json\/wp\/v2\/categories?post=310838"},{"taxonomy":"post_tag","embeddable":true,"href":"https:\/\/www.focolare.org\/es\/wp-json\/wp\/v2\/tags?post=310838"}],"curies":[{"name":"wp","href":"https:\/\/api.w.org\/{rel}","templated":true}]}}