{"id":310894,"date":"2020-07-25T01:00:57","date_gmt":"2020-07-24T23:00:57","guid":{"rendered":"https:\/\/www.focolare.org\/mas-alla-de-los-confines-chiara-lubich-y-las-grandes-religiones\/"},"modified":"2024-05-15T20:50:35","modified_gmt":"2024-05-15T18:50:35","slug":"mas-alla-de-los-confines-chiara-lubich-y-las-grandes-religiones","status":"publish","type":"post","link":"https:\/\/www.focolare.org\/es\/mas-alla-de-los-confines-chiara-lubich-y-las-grandes-religiones\/","title":{"rendered":"M\u00e1s all\u00e1 de los confines: Chiara Lubich y las grandes Religiones"},"content":{"rendered":"<p><em>Chiara Lubich y el di\u00e1logo interreligioso, un camino para dar un alma a la globalizaci\u00f3n.<\/em>  https:\/\/vimeo.com\/429999269<\/p>\n","protected":false},"excerpt":{"rendered":"<p>Chiara Lubich y el di\u00e1logo interreligioso, un camino para dar un alma a la globalizaci\u00f3n.<\/p>\n","protected":false},"author":33,"featured_media":0,"comment_status":"open","ping_status":"open","sticky":false,"template":"","format":"standard","meta":{"give_campaign_id":0,"_seopress_robots_primary_cat":"","_seopress_titles_title":"","_seopress_titles_desc":"","_seopress_robots_index":"","_et_pb_use_builder":"","_et_pb_old_content":"","_et_gb_content_width":"","footnotes":""},"categories":[46],"tags":[],"class_list":["post-310894","post","type-post","status-publish","format-standard","hentry","category-sin-categorizar"],"_links":{"self":[{"href":"https:\/\/www.focolare.org\/es\/wp-json\/wp\/v2\/posts\/310894","targetHints":{"allow":["GET"]}}],"collection":[{"href":"https:\/\/www.focolare.org\/es\/wp-json\/wp\/v2\/posts"}],"about":[{"href":"https:\/\/www.focolare.org\/es\/wp-json\/wp\/v2\/types\/post"}],"author":[{"embeddable":true,"href":"https:\/\/www.focolare.org\/es\/wp-json\/wp\/v2\/users\/33"}],"replies":[{"embeddable":true,"href":"https:\/\/www.focolare.org\/es\/wp-json\/wp\/v2\/comments?post=310894"}],"version-history":[{"count":0,"href":"https:\/\/www.focolare.org\/es\/wp-json\/wp\/v2\/posts\/310894\/revisions"}],"wp:attachment":[{"href":"https:\/\/www.focolare.org\/es\/wp-json\/wp\/v2\/media?parent=310894"}],"wp:term":[{"taxonomy":"category","embeddable":true,"href":"https:\/\/www.focolare.org\/es\/wp-json\/wp\/v2\/categories?post=310894"},{"taxonomy":"post_tag","embeddable":true,"href":"https:\/\/www.focolare.org\/es\/wp-json\/wp\/v2\/tags?post=310894"}],"curies":[{"name":"wp","href":"https:\/\/api.w.org\/{rel}","templated":true}]}}