{"id":310910,"date":"2020-08-05T14:18:59","date_gmt":"2020-08-05T12:18:59","guid":{"rendered":"https:\/\/www.focolare.org\/libano-levantarse-de-entre-los-escombros\/"},"modified":"2024-05-15T20:50:38","modified_gmt":"2024-05-15T18:50:38","slug":"libano-levantarse-de-entre-los-escombros","status":"publish","type":"post","link":"https:\/\/www.focolare.org\/es\/libano-levantarse-de-entre-los-escombros\/","title":{"rendered":"L\u00edbano: levantarse de entre los escombros"},"content":{"rendered":"<p><em>Tras la devastante explosi\u00f3n en Beirut en la noche del 4 de agosto la comunidad local de los Focolares junto con la Asociaci\u00f3n \u201cHumanit\u00e9 Nouvelle\u201d se han puesto a trabajar\u00a0 para ir al encuentro de las exigencias m\u00e1s urgentes de la gente afectada por la cat\u00e1strofe.<\/em>  <em><img alt=\"\" alt=\"\" loading=\"lazy\" decoding=\"async\" class=\"size-medium wp-image-225672 alignright\" src=\"https:\/\/www.focolare.org\/wp-content\/uploads\/2020\/08\/WhatsApp-Image-2020-08-05-at-18.12.49-255x340.jpeg\" alt=\"\" width=\"255\" height=\"340\" \/>\u00a0<\/em>M\u00e1s de 100 muertos y cuatro mil heridos ha causado la enorme explosi\u00f3n acaecida el martes 4 de agosto a las 18.10 de la hora local, en la zona cercana al puerto de la capital libanesa Beirut. Puertas y ventanas de vidrio se rompieron hasta una distancia de diez kil\u00f3metros de la zona del desastre.\u00a0 El gobierno habla de alrededor de 300.000 habitantes sin techo.  Ya antes de esta cat\u00e1strofe el pa\u00eds de los cedros se encontraba frente a una fuerte crisis econ\u00f3mica aumentada a\u00fan por los efectos de la pandemia del coronavirus. Seg\u00fan fuentes oficiales m\u00e1s del \u00a045% de la poblaci\u00f3n vive en la pobreza y la desocupaci\u00f3n subi\u00f3 al 35%.  La explosi\u00f3n del 4 de agosto da un ulterior y muy fuerte golpe no s\u00f3lo a la econom\u00eda y a la infraestructrua\u00a0 del L\u00edbano sino tambi\u00e9n al \u00e1nimo de un pueblo que sufri\u00f3 tanta violencia en las \u00faltimas d\u00e9cadas.  Como todas las asociaciones humanitarias la agencia \u201cHumanit\u00e9 Nouvelle\u201d de los Focolares tambi\u00e9n se ha puesto en movimiento para ayudar a los m\u00e1s afectados.\u00a0 Con la ayuda de la comunidad local del Movimiento se ha puesto a disposici\u00f3n el Centro Mari\u00e1polis \u201c<em>La Sorgente<\/em>\u201d en la localidad de Ain Aar cerca de Beirut para todos aquellos que han perdido su casa. Grupos de j\u00f3venes y adultos se han manifestado disponibles para ayudar a las familias y la gente m\u00e1s afectada, inform\u00e1ndose de las necesidades de todo tipo: v\u00edveres, material para la limpieza de las casas y viviendas en general.  ________________________________________ <em>Se ha activado la Coordinaci\u00f3n Emergencias el Movimiento de los Focolares, que intervendr\u00e1\u00a0 a trav\u00e9s de las organizaciones AMU y AFN. Para quien quiera colaborar, se han activado las siguientes cuentas corrientes bancarias:<\/em> <\/p>\n<h4><span style=\"font-family: Arial; color: #3fa3d6;\"><strong>Azione per un Mondo Unito ONLUS (AMU)<\/strong><\/span> <strong>IBAN:<\/strong> IT58 S050 1803 2000 0001 1204 344 <strong>C\u00f3digo SWIFT\/BIC<\/strong>: CCRTIT2T en <strong>Banca Popolare Etica<\/strong><\/h4>\n<h4><span style=\"color: #3fa3d6; font-family: Arial;\"><strong>Azione per Famiglie Nuove ONLUS (AFN)<\/strong><\/span> <strong>IBAN<\/strong>: IT11G0306909606100000001060 <strong>C\u00f3digo SWIFT\/BIC<\/strong>: BCITITMM en <strong>Banca Intesa San Paolo<\/strong><\/h4>\n<p> <strong>Motivo<\/strong>: Emergencia L\u00edbano <\/p>\n<div class=\"cz_post_content\">  Las contribuciones depositadas en las dos cuentas corrientes con esta motivaci\u00f3n ser\u00e1n administradas conjuntamente por AMU y AFN. Para estas donaciones se prev\u00e9n beneficios fiscales en muchos pa\u00edses de la Uni\u00f3n Europea y en otros pa\u00edses del mundo, seg\u00fan las diferentes normativas locales. Los contribuyentes italianos podr\u00e1n obtener deducciones y reducciones de impuestos, seg\u00fan la normativa prevista para las Organizaciones sin fines de lucro, de hasta el 10% de los ingresos y con el l\u00edmite de \u20ac 70.000.00 anuales, con excepci\u00f3n de las donaciones hechas en efectivo.  <\/div>\n<div class=\"clr\">________________________________________<\/div>\n<div>Para mantenerse al d\u00eda sobre la recaudaci\u00f3n de fondos para esta emergencia, visite los sitios web de <a href=\"https:\/\/www.amu-it.eu\/progetti-int\/emergenza-libano\/?lang=es\" target=\"_blank\" rel=\"noopener noreferrer\">AMU<\/a> y <a href=\"https:\/\/www.afnonlus.org\/causes\/donazione-libano-2\/\" target=\"_blank\" rel=\"noopener noreferrer\">AFN<\/a>.<\/div>\n","protected":false},"excerpt":{"rendered":"<p>Tras la devastante explosi\u00f3n en Beirut en la noche del 4 de agosto la comunidad local de los Focolares junto con la Asociaci\u00f3n \u201cHumanit\u00e9 Nouvelle\u201d se han puesto a trabajar\u00a0 para ir al encuentro de las exigencias m\u00e1s urgentes de la gente afectada por la cat\u00e1strofe.<\/p>\n","protected":false},"author":33,"featured_media":0,"comment_status":"open","ping_status":"open","sticky":false,"template":"","format":"standard","meta":{"give_campaign_id":0,"_seopress_robots_primary_cat":"","_seopress_titles_title":"","_seopress_titles_desc":"","_seopress_robots_index":"","_et_pb_use_builder":"","_et_pb_old_content":"","_et_gb_content_width":"","footnotes":""},"categories":[46],"tags":[],"class_list":["post-310910","post","type-post","status-publish","format-standard","hentry","category-sin-categorizar"],"_links":{"self":[{"href":"https:\/\/www.focolare.org\/es\/wp-json\/wp\/v2\/posts\/310910","targetHints":{"allow":["GET"]}}],"collection":[{"href":"https:\/\/www.focolare.org\/es\/wp-json\/wp\/v2\/posts"}],"about":[{"href":"https:\/\/www.focolare.org\/es\/wp-json\/wp\/v2\/types\/post"}],"author":[{"embeddable":true,"href":"https:\/\/www.focolare.org\/es\/wp-json\/wp\/v2\/users\/33"}],"replies":[{"embeddable":true,"href":"https:\/\/www.focolare.org\/es\/wp-json\/wp\/v2\/comments?post=310910"}],"version-history":[{"count":0,"href":"https:\/\/www.focolare.org\/es\/wp-json\/wp\/v2\/posts\/310910\/revisions"}],"wp:attachment":[{"href":"https:\/\/www.focolare.org\/es\/wp-json\/wp\/v2\/media?parent=310910"}],"wp:term":[{"taxonomy":"category","embeddable":true,"href":"https:\/\/www.focolare.org\/es\/wp-json\/wp\/v2\/categories?post=310910"},{"taxonomy":"post_tag","embeddable":true,"href":"https:\/\/www.focolare.org\/es\/wp-json\/wp\/v2\/tags?post=310910"}],"curies":[{"name":"wp","href":"https:\/\/api.w.org\/{rel}","templated":true}]}}