{"id":310936,"date":"2020-08-22T01:00:32","date_gmt":"2020-08-21T23:00:32","guid":{"rendered":"https:\/\/www.focolare.org\/costa-de-marfil-bintou-konate-dialogo-interreligioso-y-promocion-humana\/"},"modified":"2024-05-15T20:50:42","modified_gmt":"2024-05-15T18:50:42","slug":"costa-de-marfil-bintou-konate-dialogo-interreligioso-y-promocion-humana","status":"publish","type":"post","link":"https:\/\/www.focolare.org\/es\/costa-de-marfil-bintou-konate-dialogo-interreligioso-y-promocion-humana\/","title":{"rendered":"Costa de Marfil &#8211; Bintou Konat\u00e9: di\u00e1logo interreligioso y promoci\u00f3n humana"},"content":{"rendered":"<p><em>Bintou Konat\u00e9, musulmana, con las amigas cristianas ha transformado el dolor en una oportunidad para ayudar a su comunidad. By Stefania Tanesini, Egilde Ver\u00ed, Marco Tursi.<\/em>  https:\/\/vimeo.com\/430765818<\/p>\n","protected":false},"excerpt":{"rendered":"<p>Bintou Konat\u00e9, musulmana, con las amigas cristianas ha transformado el dolor en una oportunidad para ayudar a su comunidad. By Stefania Tanesini, Egilde Ver\u00ed, Marco Tursi.<\/p>\n","protected":false},"author":33,"featured_media":0,"comment_status":"open","ping_status":"open","sticky":false,"template":"","format":"standard","meta":{"give_campaign_id":0,"_seopress_robots_primary_cat":"","_seopress_titles_title":"","_seopress_titles_desc":"","_seopress_robots_index":"","_et_pb_use_builder":"","_et_pb_old_content":"","_et_gb_content_width":"","footnotes":""},"categories":[46],"tags":[],"class_list":["post-310936","post","type-post","status-publish","format-standard","hentry","category-sin-categorizar"],"_links":{"self":[{"href":"https:\/\/www.focolare.org\/es\/wp-json\/wp\/v2\/posts\/310936","targetHints":{"allow":["GET"]}}],"collection":[{"href":"https:\/\/www.focolare.org\/es\/wp-json\/wp\/v2\/posts"}],"about":[{"href":"https:\/\/www.focolare.org\/es\/wp-json\/wp\/v2\/types\/post"}],"author":[{"embeddable":true,"href":"https:\/\/www.focolare.org\/es\/wp-json\/wp\/v2\/users\/33"}],"replies":[{"embeddable":true,"href":"https:\/\/www.focolare.org\/es\/wp-json\/wp\/v2\/comments?post=310936"}],"version-history":[{"count":0,"href":"https:\/\/www.focolare.org\/es\/wp-json\/wp\/v2\/posts\/310936\/revisions"}],"wp:attachment":[{"href":"https:\/\/www.focolare.org\/es\/wp-json\/wp\/v2\/media?parent=310936"}],"wp:term":[{"taxonomy":"category","embeddable":true,"href":"https:\/\/www.focolare.org\/es\/wp-json\/wp\/v2\/categories?post=310936"},{"taxonomy":"post_tag","embeddable":true,"href":"https:\/\/www.focolare.org\/es\/wp-json\/wp\/v2\/tags?post=310936"}],"curies":[{"name":"wp","href":"https:\/\/api.w.org\/{rel}","templated":true}]}}