{"id":310980,"date":"2020-09-23T05:16:32","date_gmt":"2020-09-23T03:16:32","guid":{"rendered":"https:\/\/www.focolare.org\/jovenes-nuevas-ideas-gracias-a-la-web\/"},"modified":"2024-05-15T20:50:54","modified_gmt":"2024-05-15T18:50:54","slug":"jovenes-nuevas-ideas-gracias-a-la-web","status":"publish","type":"post","link":"https:\/\/www.focolare.org\/es\/jovenes-nuevas-ideas-gracias-a-la-web\/","title":{"rendered":"J\u00f3venes: nuevas ideas gracias a la web"},"content":{"rendered":"<p><em>Una escuela de formaci\u00f3n internacional realizada completamente online a causa del Covid con metodolog\u00edas nuevas y la participaci\u00f3n de 115 Gen 2, los j\u00f3venes de los Focolares, de 18 pa\u00edses. Un laboratorio replicado en varias partes del mundo. <\/em>  <img alt=\"\" alt=\"\" loading=\"lazy\" decoding=\"async\" class=\"wp-image-226650 alignright\" src=\"https:\/\/www.focolare.org\/wp-content\/uploads\/2020\/09\/Screenshot-2020-09-16-at-17.25.58-606x340.png\" alt=\"\" width=\"460\" height=\"258\" \/>\u00bfPuede la emergencia Covid detener nuestro compromiso en la realizaci\u00f3n de un mundo m\u00e1s unido y la posibilidad de hacerlo juntos?\u00a0 Una pregunta que, en estos meses, no ha dejado en paz a muchos Gen 2, los j\u00f3venes del Movimiento de los Focolares, junto a sus formadores. Entonces, aunque la pandemia les haya impedido viajar de un pa\u00eds a otro o incluso salir de casa, las nuevas tecnolog\u00edas han permitido a los j\u00f3venes seguir trabajando por la paz y la unidad del mundo, e incluso han favorecido el nacimiento de iniciativas nuevas y originales, todas rigurosamente v\u00eda web.  Por ello, viendo los encuentros internacionales programados desde hac\u00eda tiempo, los j\u00f3venes de los Focolares decidieron no cancelar ni siquiera la escuela internacional anual de formaci\u00f3n para responsables de los grupos juveniles prevista para agosto de 2020 en Italia y, \u00a0en cambio,\u00a0 realizarla justamente online.\u00a0\u00a0 Sin duda requiri\u00f3 un trabajo extra para transformar los programas de los 10 d\u00edas de escuela, adaptarlos a la modalidad de formaci\u00f3n v\u00eda web y buscar plataformas y <em>app<\/em> que permitiesen momentos de escucha y profundizaci\u00f3n, pero que favoreciesen tambi\u00e9n momentos de comuni\u00f3n, todos juntos y en peque\u00f1os grupos. As\u00ed naci\u00f3 la \u201cEscuela Internacional 2020\u201d con un formato completamente nuevo. Participaron en ella 82 j\u00f3venes y 33 adultos formadores, de 38 pa\u00edses y 16 idiomas.  \u201cAprender a trabajar online es algo positivo que el Covid nos ha dejado \u2013dijo uno de los participantes de Argentina\u2013 tambi\u00e9n porque facilita la participaci\u00f3n de quienes, por motivos econ\u00f3micos o de tiempo, nunca hab\u00eda hecho y no habr\u00eda conseguido hacer una experiencia internacional traslad\u00e1ndose f\u00edsicamente\u201d.  La escuela, que tuvo como t\u00edtulo \u201cAs\u00ed en la tierra como en el cielo\u201d, estuvo centrada en tem\u00e1ticas de car\u00e1cter espiritual y de actualidad, como la paz, el compromiso social y la ciudadan\u00eda activa, profundizadas a la luz del carisma de Chiara Lubich. Uno de los puntos principales fue: \u201c<em>Dare to Care<\/em>\u201d (Atreverse a cuidar), tema central del recorrido (Pathways) que los j\u00f3venes, con todo el Movimiento de los Focolares, se comprometieron a poner en pr\u00e1ctica. Todos los a\u00f1os al recorrido de \u00a0Pathways se asocia un color: este a\u00f1os es el negro que Chiara Lubich hab\u00eda relacionado con el compromiso pol\u00edtico, civil y social por el bien com\u00fan. \u00a0Y, as\u00ed como el negro hace de fondo a todos los dem\u00e1s colores, este compromiso es el fondo sobre el cual resaltan los varios \u00e1mbitos de la vida de todos los d\u00edas: la familia, la sociedad, la escuela. Se arranc\u00f3 con escritos de Chiara Lubich, luego experiencias de testigos comprometidos en el \u00e1mbito pol\u00edtico y social; expertos como el te\u00f3logo Padre Fabio Ciardi, miembro de la Escuela Abb\u00e1, el Centro de Estudios del Movimiento de los Focolares; Alberto Lo Presti, director del Centro Igino Giordani; Daniela Ropelato y Antonio Maria Baggio, docentes del Instituto Universitario Sophia de \u00a0Loppiano (Italia).  \u201cUstedes son personas que han decidido dar la vida \u2013fueron las palabras conclusivas de Mar\u00eda Voce, Presidente del Movimento de los Focolares y del Co-Presidente Jes\u00fas\u00a0 Mor\u00e1n\u2013 en esta escuela han hecho la prueba en este laboratorio. Ahora el laboratorio termina, ahora hay que ir a vivir\u201d.  De all\u00ed en m\u00e1s, \u00a0esta escuela, junto al compromiso de vida que trae consigo, se est\u00e1 difundiendo y multiplicando: los 100 participantes se han hecho promotores de otras ediciones en diez distintos puntos del globo. <\/p>\n<p style=\"text-align: right;\"><em>Letizia Spano<\/em><\/p>\n","protected":false},"excerpt":{"rendered":"<p>Una escuela de formaci\u00f3n internacional realizada completamente online a causa del Covid con metodolog\u00edas nuevas y la participaci\u00f3n de 115 Gen 2, los j\u00f3venes de los Focolares, de 18 pa\u00edses. Un laboratorio replicado en varias partes del mundo.<\/p>\n","protected":false},"author":33,"featured_media":0,"comment_status":"open","ping_status":"open","sticky":false,"template":"","format":"standard","meta":{"give_campaign_id":0,"_seopress_robots_primary_cat":"","_seopress_titles_title":"","_seopress_titles_desc":"","_seopress_robots_index":"","_et_pb_use_builder":"","_et_pb_old_content":"","_et_gb_content_width":"","footnotes":""},"categories":[46],"tags":[],"class_list":["post-310980","post","type-post","status-publish","format-standard","hentry","category-sin-categorizar"],"_links":{"self":[{"href":"https:\/\/www.focolare.org\/es\/wp-json\/wp\/v2\/posts\/310980","targetHints":{"allow":["GET"]}}],"collection":[{"href":"https:\/\/www.focolare.org\/es\/wp-json\/wp\/v2\/posts"}],"about":[{"href":"https:\/\/www.focolare.org\/es\/wp-json\/wp\/v2\/types\/post"}],"author":[{"embeddable":true,"href":"https:\/\/www.focolare.org\/es\/wp-json\/wp\/v2\/users\/33"}],"replies":[{"embeddable":true,"href":"https:\/\/www.focolare.org\/es\/wp-json\/wp\/v2\/comments?post=310980"}],"version-history":[{"count":0,"href":"https:\/\/www.focolare.org\/es\/wp-json\/wp\/v2\/posts\/310980\/revisions"}],"wp:attachment":[{"href":"https:\/\/www.focolare.org\/es\/wp-json\/wp\/v2\/media?parent=310980"}],"wp:term":[{"taxonomy":"category","embeddable":true,"href":"https:\/\/www.focolare.org\/es\/wp-json\/wp\/v2\/categories?post=310980"},{"taxonomy":"post_tag","embeddable":true,"href":"https:\/\/www.focolare.org\/es\/wp-json\/wp\/v2\/tags?post=310980"}],"curies":[{"name":"wp","href":"https:\/\/api.w.org\/{rel}","templated":true}]}}