{"id":310982,"date":"2020-09-24T14:30:44","date_gmt":"2020-09-24T12:30:44","guid":{"rendered":"https:\/\/www.focolare.org\/de-la-cultura-de-la-confianza-a-la-primacia-de-las-relaciones\/"},"modified":"2024-05-15T20:50:54","modified_gmt":"2024-05-15T18:50:54","slug":"de-la-cultura-de-la-confianza-a-la-primacia-de-las-relaciones","status":"publish","type":"post","link":"https:\/\/www.focolare.org\/es\/de-la-cultura-de-la-confianza-a-la-primacia-de-las-relaciones\/","title":{"rendered":"De la cultura de la confianza a la primac\u00eda de las relaciones"},"content":{"rendered":"<p><em>A un grupo de focolarinos, el 19 de septiembre pasado Mar\u00eda Voce le cont\u00f3 aquello que m\u00e1s le importa en este momento. Transcribimos algunos fragmentos de este discurso espont\u00e1neo.<\/em>  <strong>Lo ha definido \u201cun nuevo paso\u201d<\/strong> y lo est\u00e1 comunicando a las comunidades de los Focolares de todo el mundo. Ahora lo que m\u00e1s le importa a la presidenta de los Focolares, Maria Voce, se podr\u00eda resumir en una palabra: \u201crelaciones\u201d. Una nueva invitaci\u00f3n que parece cumplir una par\u00e1bola que comenz\u00f3 hace 12 a\u00f1os, en los primeros d\u00edas de su toma de posesi\u00f3n como presidente de los Focolares, cuando invit\u00f3 a todos a vivir seg\u00fan la \u201ccultura de la confianza\u201d, para construir con compromiso relaciones que generen una convivencia social pac\u00edfica y respetuosa de la diversidad.  Hoy, al final de su segundo mandato, pocos meses antes de la Asamblea de los Focolares y en un momento marcado profundamente por esta larga pandemia y crisis econ\u00f3mica, Mar\u00eda Voce vuelve a uno de los temas clave de su presidencia: la centralidad de las relaciones, visto en la \u00f3ptica del carisma de Chiara Lubich. Una invitaci\u00f3n, una vez m\u00e1s, a trabajar en red y en comuni\u00f3n con aquellos \u2013 individuos, comunidades y organizaciones \u2013\u00a0 que apuntan en la misma direcci\u00f3n, la de la fraternidad.  \u201cEste pensamiento fue muy fuerte para m\u00ed: Chiara en el 43 se enfrent\u00f3 a este mundo desastroso, donde todo se derrumbaba, y Dios le dijo: no es cierto que todo se derrumbe. Hay una cosa que no se derrumba: \u00a1es Dios, solo Dios! \u00bfY qu\u00e9 hizo Chiara? Sali\u00f3 a decir: est\u00e1 Dios, Dios nos ama, este Dios est\u00e1 m\u00e1s all\u00e1 de la guerra. Esto era lo que se necesitaba en ese momento.  Jes\u00fas vino a la tierra y no vino solo, porque seguramente donde estaba Jes\u00fas, que era el Hijo de Dios, estaba toda la Trinidad. Entonces el Dios de la Trinidad vino a la tierra para abrirnos el camino, para ense\u00f1arnos a vivir a su manera. \u00bfY para hacer qu\u00e9? Transformar el mundo.  Pero \u00bfqu\u00e9 significa esto? Significa relaciones, significa v\u00ednculos, significa igualdad, significa escucha mutua, significa uno en el otro, que uno se pierde en el otro.  Esta ma\u00f1ana estaba pensando en esto y dec\u00eda: vino a la tierra y \u00bfqu\u00e9 hizo? Caminaba por las calles de Galilea, \u00bfy qu\u00e9 encontr\u00f3? Un funcionario probablemente corrupto que recaudaba impuestos; encontr\u00f3 a un ni\u00f1o fascinado por las palabras que dec\u00eda; encontr\u00f3 al due\u00f1o de un peque\u00f1o negocio, Pedro, que ten\u00eda una barca. Y los llam\u00f3, y tuvo el valor de transformarlos en sus ap\u00f3stoles, que significa personas enviadas para continuar llevando su mensaje hasta los \u00faltimos confines de la tierra.  Luego, \u00bfa qui\u00e9n m\u00e1s encontr\u00f3? Encontr\u00f3 gente de todo tipo, encontr\u00f3 a la pecadora, encontr\u00f3 al muerto, encontr\u00f3 a los hambrientos, y \u00bfqu\u00e9 hizo? Multiplic\u00f3 los panes, resucit\u00f3 a los muertos, es decir, se ocup\u00f3 de las necesidades de los dem\u00e1s, estando en medio de ellos. Despu\u00e9s, incluso fue tan lejos como para arrastrar a esta multitud detr\u00e1s de \u00e9l. \u00bfQu\u00e9 significa esto? Construy\u00f3 la comunidad, es decir, hizo una comunidad capaz de escuchar a los dem\u00e1s, de darse cuenta de que hablaban otro idioma, pero de escucharlos en su idioma. \u00bfQu\u00e9 significa eso? Capaces de aceptarse a s\u00ed mismos plenamente, capaces de entenderse incluso cuando uno habla de manera diferente, capaces de aceptarse plenamente.  Transform\u00f3 a estas personas en su fraternidad, en su comunidad, y las hizo vivir en solidaridad entre s\u00ed, porque cuando ten\u00edan hambre dec\u00eda: \u201cDenles de comer\u201d; cuando san\u00f3 a esa otra mujer que ten\u00eda fiebre, pero luego la puso a servir; la ni\u00f1a que resucit\u00f3 se la devolvi\u00f3 a la familia para que la familia pudiera cuidarla. Es decir, no destruy\u00f3 nada de lo que hab\u00eda all\u00ed, \u00a1pero lo transform\u00f3!  Y \u00bfqu\u00e9 debemos hacer? Debemos transformar el mundo, siendo nosotros este Jes\u00fas. Debemos llevar estas relaciones trinitarias. Y no hay otro camino que elegir a Jes\u00fas abandonado, que significa saber perderse el uno en el otro, saber hacer emerger al otro. Entonces, Dios Padre seguir\u00e1 creando cosas nuevas y el Esp\u00edritu Santo seguir\u00e1 ilumin\u00e1ndonos\u201d. <\/p>\n<p style=\"text-align: right;\"><em>Recogido por Stefania Tanesini<\/em><\/p>\n<p> &nbsp;<\/p>\n","protected":false},"excerpt":{"rendered":"<p>A un grupo de focolarinos, el 19 de septiembre pasado Mar\u00eda Voce le cont\u00f3 aquello que m\u00e1s le importa en este momento. Transcribimos algunos fragmentos de este discurso espont\u00e1neo.<\/p>\n","protected":false},"author":33,"featured_media":0,"comment_status":"open","ping_status":"open","sticky":false,"template":"","format":"standard","meta":{"give_campaign_id":0,"_seopress_robots_primary_cat":"","_seopress_titles_title":"","_seopress_titles_desc":"","_seopress_robots_index":"","_et_pb_use_builder":"","_et_pb_old_content":"","_et_gb_content_width":"","footnotes":""},"categories":[46],"tags":[],"class_list":["post-310982","post","type-post","status-publish","format-standard","hentry","category-sin-categorizar"],"_links":{"self":[{"href":"https:\/\/www.focolare.org\/es\/wp-json\/wp\/v2\/posts\/310982","targetHints":{"allow":["GET"]}}],"collection":[{"href":"https:\/\/www.focolare.org\/es\/wp-json\/wp\/v2\/posts"}],"about":[{"href":"https:\/\/www.focolare.org\/es\/wp-json\/wp\/v2\/types\/post"}],"author":[{"embeddable":true,"href":"https:\/\/www.focolare.org\/es\/wp-json\/wp\/v2\/users\/33"}],"replies":[{"embeddable":true,"href":"https:\/\/www.focolare.org\/es\/wp-json\/wp\/v2\/comments?post=310982"}],"version-history":[{"count":0,"href":"https:\/\/www.focolare.org\/es\/wp-json\/wp\/v2\/posts\/310982\/revisions"}],"wp:attachment":[{"href":"https:\/\/www.focolare.org\/es\/wp-json\/wp\/v2\/media?parent=310982"}],"wp:term":[{"taxonomy":"category","embeddable":true,"href":"https:\/\/www.focolare.org\/es\/wp-json\/wp\/v2\/categories?post=310982"},{"taxonomy":"post_tag","embeddable":true,"href":"https:\/\/www.focolare.org\/es\/wp-json\/wp\/v2\/tags?post=310982"}],"curies":[{"name":"wp","href":"https:\/\/api.w.org\/{rel}","templated":true}]}}