{"id":310988,"date":"2020-09-30T01:00:53","date_gmt":"2020-09-29T23:00:53","guid":{"rendered":"https:\/\/www.focolare.org\/miriam-martir-por-la-paz\/"},"modified":"2024-05-15T20:50:55","modified_gmt":"2024-05-15T18:50:55","slug":"miriam-martir-por-la-paz","status":"publish","type":"post","link":"https:\/\/www.focolare.org\/es\/miriam-martir-por-la-paz\/","title":{"rendered":"Miriam, m\u00e1rtir por la paz"},"content":{"rendered":"<p><em>Su sonrisa, su alegr\u00eda de vivir, su compromiso por la justicia y la paz. Estas son las palabras que se siguen evocando al recordar a Myriam Dessaivre, de 26 a\u00f1os, quien perdi\u00f3 la vida el domingo 9 de agosto en N\u00edger.<\/em>  Con ella fueron asesinados otros cinco j\u00f3venes franceses, adem\u00e1s del ch\u00f3fer y gu\u00eda nigeriano que los acompa\u00f1\u00f3 ese d\u00eda a visitar la reserva de jirafas de Kour\u00e9, situada a 60 Km. al sureste de la capital Niamey. Los j\u00f3venes franceses estaban en una misi\u00f3n humanitaria con la <a href=\"https:\/\/www.acted.org\/fr\/\">ONG Acted<\/a>\u00a0en un pa\u00eds que sufre una crisis m\u00faltiple, en el \u00faltimo lugar en t\u00e9rminos de desarrollo humano.  Graduada en Comunicaci\u00f3n e Informaci\u00f3n en el Instituto Cat\u00f3lico de Toulouse y M\u00e1ster en Estudios sobre la Paz en el Paris-Dauphine, Myriam, m\u00e1rtir por la paz, se hab\u00eda especializado en resoluci\u00f3n de conflictos pol\u00edticos. El tema de su tesis de graduaci\u00f3n fue: \u201cEl estado colombiano y las FARC \u00bfhacia una reconciliaci\u00f3n posible? Su formaci\u00f3n se estaba desarrollando tambi\u00e9n en el campo porque trabajaba en Colombia, T\u00fanez y Chad.  El 18 de junio de 2016 ilustr\u00f3 la elecci\u00f3n de su carrera durante el Consejo Nacional de la Asociaci\u00f3n Mouvement de la paix. Entonces ten\u00eda 21 a\u00f1os. Impresiona la fuerza de sus palabras y la resonancia que asumen hoy. Citamos su intervenci\u00f3n al final de este art\u00edculo. \u201cPersonalmente, tengo la impresi\u00f3n que una parte creciente de nuestra generaci\u00f3n quiere promover la paz. Tambi\u00e9n pienso que las redes sociales favorecen esta tendencia, no s\u00f3lo por la profusi\u00f3n de malas noticias, sino porque se percibe el aumento de una especie de \u201csolidaridad global\u201d.\u00a0 La indignaci\u00f3n ante los actuales horrores (ataques terroristas, guerras en Medio Oriente, carest\u00eda)\u00a0se transmite instant\u00e1neamente por las redes sociales y nos sentimos directamente afectados por estas noticias, tanto que nos preguntarnos: \u201c\u00bfCu\u00e1ndo voy?\u201d\u00a0 Por eso no me sorprende que cada vez m\u00e1s nosotros queramos emprender profesiones\u00a0para favorecer la paz, quiz\u00e1s simplemente\u00a0para permitirnos encontrar los medios para vivir en un mundo mejor.  Este mundo mejor hab\u00eda aprendido a construirlo gracias a la espiritualidad de los Focolares y a su compromiso con los j\u00f3venes del Movimiento.\u00a0 Su padre, fallecido en el 2014, era un <a href=\"https:\/\/www.focolare.org\/es\/news\/2017\/08\/09\/quienes-son-los-voluntarios-de-dios\/\" target=\"_blank\" rel=\"noopener noreferrer\">voluntario<\/a>. \u201cEra mi mejor amiga\u201d, dice Sophie, desconsolada. \u201cLa conoc\u00ed cuando ten\u00eda 13 a\u00f1os durante una <a href=\"https:\/\/www.focolare.org\/es\/mariapoli\/\" target=\"_blank\" rel=\"noopener noreferrer\">Mari\u00e1polis<\/a> en Lourdes. Podr\u00edas re\u00edr y divertirte de todo cuando estabas con ella\u201d, dice. \u201cTen\u00eda grandes convicciones y defend\u00eda los valores de la paz y de la justicia social. No era un trabajo f\u00e1cil el suyo, pero ella era una apasionada y ese sent\u00eda realizada en ese lugar\u201d, testimonia su amiga. \u201cMe consuela saber que por m\u00e1s injusta, terrible y violenta que haya sido su muerte, no carece de significado. Ha dado la vida por lo que cre\u00eda que era justo\u201d.  Otro amigo, Carl, ve\u00eda a Miriam \u201ccomo una persona radiante, humilde y bella, que ha dado su vida al servicio de la vida, de la paz, de los dem\u00e1s\u201d. Para \u00e9l \u00e9ste es el significado de su muerte: \u201cMe doy cuenta que durante toda su vida ha construido un mensaje que ahora nos transmite a trav\u00e9s de su partida al para\u00edso. Es el martirio del mal que de una u otra forma cada uno de nosotros nutre cotidianamente con sus malas acciones y\/o por su inacci\u00f3n\u201d.  \u201cMiriam ha realizado su sue\u00f1o, su pasi\u00f3n, uniendo su experiencia y su compromiso en el campo\u201d dice Anne-Marie, una focolarina que la conoc\u00eda. \u201cResulta evidente para los 120 representantes <a href=\"https:\/\/www.focolare.org\/es\/movimento-dei-focolari\/scelte-e-impegno\/gen\/\" target=\"_blank\" rel=\"noopener noreferrer\">Gen <\/a>de todo el mundo, reunidos para un congreso online del 7 al 14 de agosto, que Miriam ser\u00e1 el precioso \u00e1ngel de la guarda del <a href=\"https:\/\/www.focolare.org\/es\/news\/2020\/06\/16\/daretocare-osare-e-prendersi-cura\/\" target=\"_blank\" rel=\"noopener noreferrer\">Progetto #Daretocare<\/a> (\u201cOsar y hacerse cargo\u201d) que tiene como objetivo promover iniciativas a favor de una ciudadan\u00eda activa en el \u00e1mbito de la justicia social, la pol\u00edtica y la econom\u00eda\u201d. Para Anne-Marie, \u201ces como si ahora nos dijera: \u00a1Adelante! No se carguen con cosas in\u00fatiles\u201d. <\/p>\n<p style=\"text-align: right;\"><em>Emilie T\u00e9van\u00e9, <\/em><em>para Nouvelle Cit\u00e9 <\/em><\/p>\n","protected":false},"excerpt":{"rendered":"<p>Su sonrisa, su alegr\u00eda de vivir, su compromiso por la justicia y la paz. Estas son las palabras que se siguen evocando al recordar a Myriam Dessaivre, de 26 a\u00f1os, quien perdi\u00f3 la vida el domingo 9 de agosto en N\u00edger.<\/p>\n","protected":false},"author":33,"featured_media":0,"comment_status":"open","ping_status":"open","sticky":false,"template":"","format":"standard","meta":{"give_campaign_id":0,"_seopress_robots_primary_cat":"","_seopress_titles_title":"","_seopress_titles_desc":"","_seopress_robots_index":"","_et_pb_use_builder":"","_et_pb_old_content":"","_et_gb_content_width":"","footnotes":""},"categories":[46],"tags":[],"class_list":["post-310988","post","type-post","status-publish","format-standard","hentry","category-sin-categorizar"],"_links":{"self":[{"href":"https:\/\/www.focolare.org\/es\/wp-json\/wp\/v2\/posts\/310988","targetHints":{"allow":["GET"]}}],"collection":[{"href":"https:\/\/www.focolare.org\/es\/wp-json\/wp\/v2\/posts"}],"about":[{"href":"https:\/\/www.focolare.org\/es\/wp-json\/wp\/v2\/types\/post"}],"author":[{"embeddable":true,"href":"https:\/\/www.focolare.org\/es\/wp-json\/wp\/v2\/users\/33"}],"replies":[{"embeddable":true,"href":"https:\/\/www.focolare.org\/es\/wp-json\/wp\/v2\/comments?post=310988"}],"version-history":[{"count":0,"href":"https:\/\/www.focolare.org\/es\/wp-json\/wp\/v2\/posts\/310988\/revisions"}],"wp:attachment":[{"href":"https:\/\/www.focolare.org\/es\/wp-json\/wp\/v2\/media?parent=310988"}],"wp:term":[{"taxonomy":"category","embeddable":true,"href":"https:\/\/www.focolare.org\/es\/wp-json\/wp\/v2\/categories?post=310988"},{"taxonomy":"post_tag","embeddable":true,"href":"https:\/\/www.focolare.org\/es\/wp-json\/wp\/v2\/tags?post=310988"}],"curies":[{"name":"wp","href":"https:\/\/api.w.org\/{rel}","templated":true}]}}