{"id":311010,"date":"2020-10-16T11:00:36","date_gmt":"2020-10-16T09:00:36","guid":{"rendered":"https:\/\/www.focolare.org\/el-metropolita-gennadios-zervos-hombre-del-dialogo-y-de-la-unidad\/"},"modified":"2024-05-15T20:50:58","modified_gmt":"2024-05-15T18:50:58","slug":"el-metropolita-gennadios-zervos-hombre-del-dialogo-y-de-la-unidad","status":"publish","type":"post","link":"https:\/\/www.focolare.org\/es\/el-metropolita-gennadios-zervos-hombre-del-dialogo-y-de-la-unidad\/","title":{"rendered":"El Metropolita Gennadios Zervos: hombre del di\u00e1logo y de la unidad"},"content":{"rendered":"<p><em>Un breve perfil del Metropolita que fue gran amigo de los Focolares y la expresi\u00f3n de oraci\u00f3n y cercan\u00eda de Mar\u00eda Voce en nombre del Movimiento.<\/em>  <img alt=\"\" alt=\"\" loading=\"lazy\" decoding=\"async\" class=\"wp-image-237334 alignleft\" src=\"https:\/\/www.focolare.org\/wp-content\/uploads\/2020\/10\/EVECM-20170513-102936-1-510x340.jpg\" alt=\"\" width=\"299\" height=\"199\" \/>  Hoy 16 de octubre, la Arquidi\u00f3cesis Ortodoxa de Italia y Malta anunci\u00f3 que el metropolita Gennadios ha \u201cpasado al cielo\u201d <a href=\"#_ftn1\" name=\"_ftnref1\">[1]<\/a>.  Vivi\u00f3 57 a\u00f1os en Italia, primero como p\u00e1rroco en N\u00e1poles, en 1970 como obispo de Kratea y luego desde 1996 como arzobispo de la di\u00f3cesis de Italia y Malta y exarca del sur de Europa, con sede en Venecia. Ten\u00eda un gran amor por los fieles de su Arquidi\u00f3cesis; lo expresa en una carta del pasado 3 de octubre, en la que escrib\u00eda: \u201cEst\u00e1n en mi coraz\u00f3n. \u00a1Son mi vida!\u201d<a href=\"#_ftn2\" name=\"_ftnref2\">[2]<\/a>.  En 2007 el Patriarca Bartolom\u00e9 dijo de \u00e9l: \u201cCon inmenso amor [&#8230;] has trabajado durante muchos a\u00f1os de manera misionera por vuestro reba\u00f1o, distingui\u00e9ndote por muchos y diversos carismas, que expresan la personalidad de Vuestra Eminencia, entre los que destacan los m\u00e1s grandes y son la humildad y la dulzura, la tranquilidad y la sabidur\u00eda de tu car\u00e1cter, pero lo m\u00e1s grande de todo es tu amor y fe hacia la Madre Iglesia\u201d <a href=\"#_ftn3\" name=\"_ftnref3\">[3]<\/a>.  Ha sido un hombre de di\u00e1logo que particip\u00f3 activamente en la actividad ecum\u00e9nica en Italia y m\u00e1s all\u00e1, como se puede ver en esta entrevista con Radio Vaticano en 2015: \u201cOrar significa caminar juntos y, como me dijo una vez el papa Francisco, \u2018caminar significa uni\u00f3n. Cuando caminamos juntos, la unidad est\u00e1 m\u00e1s cerca de nosotros\u2019\u201d<a href=\"#_ftn4\" name=\"_ftnref4\">[4]<\/a>. Hablando de la divisi\u00f3n de los cristianos, dice: \u201cAhora debemos ser crucificados, los hombres debemos subir a la cruz, para hacer desaparecer nuestras pasiones, nuestros defectos, nuestros errores. Jesucristo ya no viene para ser crucificado sino que nosotros debemos estar en la cruz para borrar el fanatismo, el odio, el ego\u00edsmo\u201d<a href=\"#_ftn5\" name=\"_ftnref5\">[5]<\/a>.  Gran amigo del Movimiento de los Focolares, el metropolita a menudo recordaba un di\u00e1logo con Aten\u00e1goras en 1970. \u201c\u00a1Me recibi\u00f3 durante 48 minutos! Numerosos obispos, sacerdotes, te\u00f3logos y otros estaban en el pasillo esperando la bendici\u00f3n del Patriarca. Todos estaban asombrados de que hubiera estado en audiencia durante tanto tiempo [\u2026] \u00bfQu\u00e9 hab\u00eda pasado? \u00a1El Patriarca habl\u00f3 de m\u00ed durante 2 minutos, del Papa Pablo VI durante 5 minutos y durante 40 minutos de Chiara!\u201d <a href=\"#_ftn6\" name=\"_ftnref6\">[6]<\/a>.  Particip\u00f3 en muchos eventos de los Focolares: desde las reuniones de los obispos amigos del Movimiento, hasta las escuelas del ecumenismo y las semanas ecum\u00e9nicas organizadas por el Centro \u201cUno\u201d <a href=\"#_ftn7\" name=\"_ftnref7\">[7]<\/a>. Durante la \u00faltima edici\u00f3n, en 2017, entreg\u00f3 a Maria Voce una medalla en agradecimiento por la labor ecum\u00e9nica de los Focolares. Fue idea suya poner en marcha la \u201cC\u00e1tedra Ecum\u00e9nica Internacional Patriarca Aten\u00e1goras \u2013 Chiara Lubich\u201d, de la que era co-titular, en la Universidad Sophia y en 2017 pronunci\u00f3 el discurso inaugural sobre el tema \u201cEl Patriarca Aten\u00e1goras y Chiara Lubich, protagonistas de la unidad\u201d <a href=\"#_ftn8\" name=\"_ftnref8\">[8]<\/a>  El metropolita Gennadios pudo saludar a Chiara unos d\u00edas antes de su muerte cuando la visit\u00f3 junto con el Patriarca Bartolom\u00e9 en el policl\u00ednico Gemelli. De ese \u00faltimo encuentro recordaba: \u201cEstaba llena de alegr\u00eda, sonriente como siempre, dulce, serena y su \u201ccarisma\u201d estaba muy vivo. De hecho, sus \u00faltimas palabras antes de despedirnos fueron: \u201c\u00a1Siempre unidos!\u201d<em> <a href=\"#_ftn9\" name=\"_ftnref9\"><strong>[9]<\/strong><\/a><\/em>.  Parece que el metropolita Gennadios cumpli\u00f3 lo que le dijo prof\u00e9ticamente el patriarca Aten\u00e1goras en 1960: \u201cIr\u00e1s a Italia, necesitamos nuevos sacerdotes para los tiempos venideros, tiempos de reconciliaci\u00f3n y di\u00e1logo con la Iglesia cat\u00f3lica\u201d <a href=\"#_ftn10\" name=\"_ftnref10\">[10]<\/a>. <\/p>\n<p style=\"text-align: right;\"><em>Joan Patricia Back<\/em><\/p>\n<p> <a href=\"#_ftnref1\" name=\"_ftn1\">[1]<\/a> Sitio ortodossia.it <a href=\"#_ftnref2\" name=\"_ftn2\">[2]<\/a> Sitio ortodossia.it <a href=\"#_ftnref3\" name=\"_ftn3\">[3]<\/a> Sitio ortodossia.it <a href=\"#_ftnref4\" name=\"_ftn4\">[4]<\/a> Entrevistado por Radio Vaticana 23 de enero de 2015 en el sitio ortodossia.it <a href=\"#_ftnref5\" name=\"_ftn5\">[5]<\/a> Entrevistado por Radio Vaticana 23 de enero de 2015 en el sitio ortodossia.it <a href=\"#_ftnref6\" name=\"_ftn6\">[6]<\/a> 50\u00b0 del Centro \u201cUno\u201d, Trento, 12 de marzo de 2011. <a href=\"#_ftnref7\" name=\"_ftn7\">[7]<\/a> El Centro \u201cUno\u201d, para la unidad de los cristianos, se ocupa del di\u00e1logo ecum\u00e9nico del Movimiento de los Focolares. <a href=\"#_ftnref8\" name=\"_ftn8\">[8]<\/a> \u00a0www.sophiauniversity.org\/it <a href=\"#_ftnref9\" name=\"_ftn9\">[9]<\/a> 50\u00b0 del Centro \u201cUno\u201d Trento, 12 de marzo de 2011. <a href=\"#_ftnref10\" name=\"_ftn10\">[10]<\/a> Sitio ortodossia.it<\/p>\n","protected":false},"excerpt":{"rendered":"<p>Un breve perfil del Metropolita que fue gran amigo de los Focolares y la expresi\u00f3n de oraci\u00f3n y cercan\u00eda de Mar\u00eda Voce en nombre del Movimiento.<\/p>\n","protected":false},"author":33,"featured_media":0,"comment_status":"open","ping_status":"open","sticky":false,"template":"","format":"standard","meta":{"give_campaign_id":0,"_seopress_robots_primary_cat":"","_seopress_titles_title":"","_seopress_titles_desc":"","_seopress_robots_index":"","_et_pb_use_builder":"","_et_pb_old_content":"","_et_gb_content_width":"","footnotes":""},"categories":[46],"tags":[],"class_list":["post-311010","post","type-post","status-publish","format-standard","hentry","category-sin-categorizar"],"_links":{"self":[{"href":"https:\/\/www.focolare.org\/es\/wp-json\/wp\/v2\/posts\/311010","targetHints":{"allow":["GET"]}}],"collection":[{"href":"https:\/\/www.focolare.org\/es\/wp-json\/wp\/v2\/posts"}],"about":[{"href":"https:\/\/www.focolare.org\/es\/wp-json\/wp\/v2\/types\/post"}],"author":[{"embeddable":true,"href":"https:\/\/www.focolare.org\/es\/wp-json\/wp\/v2\/users\/33"}],"replies":[{"embeddable":true,"href":"https:\/\/www.focolare.org\/es\/wp-json\/wp\/v2\/comments?post=311010"}],"version-history":[{"count":0,"href":"https:\/\/www.focolare.org\/es\/wp-json\/wp\/v2\/posts\/311010\/revisions"}],"wp:attachment":[{"href":"https:\/\/www.focolare.org\/es\/wp-json\/wp\/v2\/media?parent=311010"}],"wp:term":[{"taxonomy":"category","embeddable":true,"href":"https:\/\/www.focolare.org\/es\/wp-json\/wp\/v2\/categories?post=311010"},{"taxonomy":"post_tag","embeddable":true,"href":"https:\/\/www.focolare.org\/es\/wp-json\/wp\/v2\/tags?post=311010"}],"curies":[{"name":"wp","href":"https:\/\/api.w.org\/{rel}","templated":true}]}}