{"id":311024,"date":"2020-10-22T12:00:56","date_gmt":"2020-10-22T10:00:56","guid":{"rendered":"https:\/\/www.focolare.org\/el-dolor-de-los-focolares-por-un-caso-de-abusos-en-francia\/"},"modified":"2024-05-15T20:51:00","modified_gmt":"2024-05-15T18:51:00","slug":"el-dolor-de-los-focolares-por-un-caso-de-abusos-en-francia","status":"publish","type":"post","link":"https:\/\/www.focolare.org\/es\/el-dolor-de-los-focolares-por-un-caso-de-abusos-en-francia\/","title":{"rendered":"El dolor de los Focolares por un caso de abusos en Francia"},"content":{"rendered":"<p><em>Mar\u00eda Voce: \u201cInmenso dolor e incondicional cooperaci\u00f3n del Movimiento para que se pueda esclarecer la verdad; instituci\u00f3n de un organismo de investigaci\u00f3n independiente despu\u00e9s de una reuni\u00f3n con algunas v\u00edctimas de un ex miembro consagrado del Movimiento de los Focolares\u00bb.\u00a0 <\/em>  \u201cFrente a este inmenso dolor estamos convencidos de que el \u00fanico camino a seguir es ofrecer a las v\u00edctimas una escucha total y el reconocimiento de los da\u00f1os sufridos. Por esta raz\u00f3n quiero reiterar la plena e incondicional cooperaci\u00f3n del Movimiento, para que se pueda conocer la verdad sobre los hechos y se haga justicia a las v\u00edctimas.\u201d  Son las palabras de Mar\u00eda Voce, Presidenta del Movimiento de los Focolares, en un comunicado de prensa del 22 de octubre de 2020 sobre el caso de violencia contra menores por parte de J.M.M., ex-miembro consagrado de los Focolares, residente en Francia.  Una v\u00edctima ha hecho p\u00fablico su caso que se remonta a 1981 y 1982 cuando \u2013 entonces ten\u00eda quince a\u00f1os \u2013 sufri\u00f3 acoso sexual.  Se est\u00e1 constituyendo un organismo independiente a trav\u00e9s del cual el Movimiento de los Focolares ha decidido iniciar una investigaci\u00f3n extraordinaria tras la reuni\u00f3n con algunas v\u00edctimas el 18 de septiembre de 2020. En esa ocasi\u00f3n el Copresidente del Movimiento de los Focolares, Jes\u00fas Mor\u00e1n, expres\u00f3 su dolor y verg\u00fcenza por los abusos cometidos por JMM, \u201cas\u00ed como por el silencio o la falta de iniciativa mantenida durante a\u00f1os por parte de los responsables\u201d.  En breve se anunciar\u00e1 la composici\u00f3n de este organismo independiente, que tendr\u00e1 la tarea de escuchar a las presuntas v\u00edctimas, recopilar ulteriores testimonios e indagar sobre eventuales omisiones, encubrimientos o silencios por parte de los responsables del Movimiento. Al final de las investigaciones, el organismo independiente har\u00e1 p\u00fablico su informe final.  A fin de permitir que las investigaciones se lleven a cabo en su totalidad y garantizar su total transparencia, los dos corresponsables de los Focolares en Francia y el corresponsable del Movimiento para Europa Occidental han presentado la dimisi\u00f3n de sus respectivos cargos el 21 de octubre de 2020. Dimisiones aceptadas por la Presidenta de los Focolares. <\/p>\n<p style=\"text-align: right;\"><em>Joachim Schwind<\/em><\/p>\n<p> <a href=\"https:\/\/www.focolare.org\/wp-content\/uploads\/2022\/05\/UCF-00-20201022-Abusi-coinvolto-ex-membro-Focolari-in-Francia_CS_ES-1-2.pdf\" target=\"_blank\" rel=\"noopener noreferrer\">Comunicado de prensa<\/a><\/p>\n","protected":false},"excerpt":{"rendered":"<p>Mar\u00eda Voce: \u201cInmenso dolor e incondicional cooperaci\u00f3n del Movimiento para que se pueda esclarecer la verdad; instituci\u00f3n de un organismo de investigaci\u00f3n independiente despu\u00e9s de una reuni\u00f3n con algunas v\u00edctimas de un ex miembro consagrado del Movimiento de los Focolares\u00bb.\u00a0<\/p>\n","protected":false},"author":33,"featured_media":0,"comment_status":"open","ping_status":"open","sticky":false,"template":"","format":"standard","meta":{"give_campaign_id":0,"_seopress_robots_primary_cat":"","_seopress_titles_title":"","_seopress_titles_desc":"","_seopress_robots_index":"","_et_pb_use_builder":"","_et_pb_old_content":"","_et_gb_content_width":"","footnotes":""},"categories":[46],"tags":[],"class_list":["post-311024","post","type-post","status-publish","format-standard","hentry","category-sin-categorizar"],"_links":{"self":[{"href":"https:\/\/www.focolare.org\/es\/wp-json\/wp\/v2\/posts\/311024","targetHints":{"allow":["GET"]}}],"collection":[{"href":"https:\/\/www.focolare.org\/es\/wp-json\/wp\/v2\/posts"}],"about":[{"href":"https:\/\/www.focolare.org\/es\/wp-json\/wp\/v2\/types\/post"}],"author":[{"embeddable":true,"href":"https:\/\/www.focolare.org\/es\/wp-json\/wp\/v2\/users\/33"}],"replies":[{"embeddable":true,"href":"https:\/\/www.focolare.org\/es\/wp-json\/wp\/v2\/comments?post=311024"}],"version-history":[{"count":0,"href":"https:\/\/www.focolare.org\/es\/wp-json\/wp\/v2\/posts\/311024\/revisions"}],"wp:attachment":[{"href":"https:\/\/www.focolare.org\/es\/wp-json\/wp\/v2\/media?parent=311024"}],"wp:term":[{"taxonomy":"category","embeddable":true,"href":"https:\/\/www.focolare.org\/es\/wp-json\/wp\/v2\/categories?post=311024"},{"taxonomy":"post_tag","embeddable":true,"href":"https:\/\/www.focolare.org\/es\/wp-json\/wp\/v2\/tags?post=311024"}],"curies":[{"name":"wp","href":"https:\/\/api.w.org\/{rel}","templated":true}]}}