{"id":311038,"date":"2020-10-31T03:00:30","date_gmt":"2020-10-31T02:00:30","guid":{"rendered":"https:\/\/www.focolare.org\/gennadios-zervos-por-la-unidad-de-dos-iglesias-hermanas\/"},"modified":"2024-05-15T20:51:03","modified_gmt":"2024-05-15T18:51:03","slug":"gennadios-zervos-por-la-unidad-de-dos-iglesias-hermanas","status":"publish","type":"post","link":"https:\/\/www.focolare.org\/es\/gennadios-zervos-por-la-unidad-de-dos-iglesias-hermanas\/","title":{"rendered":"Gennadios Zervos: por la unidad de dos Iglesias hermanas"},"content":{"rendered":"<p><em>Una larga y profunda amistad uni\u00f3 al Metropolita recientemente fallecido al Movimiento de los Focolares. El recuerdo de Gabriella Fallacara, focolarina, especialista en ecumenismo, quien por muchos a\u00f1os fue la responsable del Centro \u201cUno\u201d por la unidad de los cristianos del Movimiento de los Focolares.<\/em>  \u201cCuando por primera vez entr\u00e9 en la sencilla casa de Gennadios Zervos,<a href=\"#_ftn1\" name=\"_ftnref1\">[1]<\/a> &#8211; fui acogida con particular cordialidad: su madre hablaba poco italiano y muy bien el griego, me ofreci\u00f3 un extra\u00f1o dulce, un peque\u00f1o nudo cremoso y blanco, que estaba pegado a una larga cuchara sumergida en un vaso de agua l\u00edmpida. Su delicado sabor parec\u00eda contener todos los matices orientales\u201d. As\u00ed empec\u00e9 mi art\u00edculo entrevista a Gennadios Zervos escrito para la revista <em>Citt\u00e0 Nuova<\/em>. Ese primer encuentro se remonta a noviembre de 1970. No sab\u00eda que despu\u00e9s de pocos meses habr\u00eda sido elegido por el Patriarca Aten\u00e1goras de Constantinopla\u00a0 y por su S\u00ednodo como nuevo obispo de Krateia. Con ello, despu\u00e9s de 275 a\u00f1os, por primera vez en la historia se ordenaba en Italia un nuevo Obispo ortodoxo.  Esa atm\u00f3sfera de \u201ccasa\u201d acompa\u00f1\u00f3 la amistad con la que desde entonces, el obispo Gennadios nos honr\u00f3 por much\u00edsimos a\u00f1os.  Zervos lleg\u00f3 siendo muy jovencito entre los napolitanos, en 1961, cuando ten\u00eda veinticuatro a\u00f1os. Ya entonces fue profesor de liceo, docente de patrolog\u00eda griega en Bari, en el Instituto Superior de Teolog\u00eda, escritor de la publicaci\u00f3n m\u00e1s importante del mundo griego, la revista <em>Stakis. <\/em>Se gradu\u00f3 en teolog\u00eda ortodoxa en Constantinopla y en teolog\u00eda cat\u00f3lica en la Pontificia Facultad de Teolog\u00eda de N\u00e1poles. La suya fue una carrera prestigiosa, pero \u00bfc\u00f3mo fue madurando?  En realidad pensaba desarrollar su misi\u00f3n en Grecia, pero el Patriarca Aten\u00e1goras le cambi\u00f3 de destino, a Italia, porque \u2013dijo- \u201cera el centro del catolicismo. Y all\u00ed tenemos que tener j\u00f3venes te\u00f3logos (\u2026), para la unidad de las dos Iglesias hermanas\u201d. Una profec\u00eda que se realiz\u00f3.  En el \u00faltimo intercambio de correspondencia de hace algunos meses, as\u00ed expresaba nuestra com\u00fan alegr\u00eda: \u201cNo olvidar\u00e9 nunca nuestros encuentros<a href=\"#_ftn2\" name=\"_ftnref2\">[2]<\/a> \u00a0en Rocca di Papa, me han permitido tener la gran alegr\u00eda de conocer a Chiara Lubich, a quien he admirado durante muchos a\u00f1os, en nuestros encuentros con los Ortodoxos, pero tambi\u00e9n en nuestros encuentros con los Obispos Amigos del Movimiento. La \u00faltima vez que la vi en el Hospital Gemelli; en mi alma vive su espl\u00e9ndida figura, su espl\u00e9ndida personalidad. Para nosotros ella es una columna de amor y de unidad que nos ha hecho conocer el supremo testamento de nuestro Salvador, la Voluntad de Dios: \u201cque todos sean una sola cosa\u201d.  Gennadios ha sido un protagonista humilde y tenaz de los \u201cnuevos tiempos\u201d abiertos con el Concilio Vaticano II y traducidos en historia mediante el carisma de la unidad de Chiara Lubich, que \u00e9l comparti\u00f3 y vivi\u00f3. Ha tra\u00eddo la riqueza de Su Iglesia de Oriente con sencillez e integridad creando nuevos puentes de respeto, colaboraci\u00f3n y comprensi\u00f3n. Ha escrito una parte de la historia de la Iglesia que nos llena de gratitud. <\/p>\n<p style=\"text-align: right;\"><em>Gabri Fallacara<\/em><\/p>\n<p> <a href=\"#_ftnref1\" name=\"_ftn1\">[1]<\/a> G. Fallacara, \u201cAten\u00e1goras lo eligi\u00f3 para los nuevos tiempos\u201d, Citt\u00e0 Nuova, febrero 1971, pp.32-34.  <a href=\"#_ftnref2\" name=\"_ftn2\">[2]<\/a> Se trata de los encuentros ecum\u00e9nicos promovidos por el Centro \u201cUno\u201d, la secretar\u00eda para la unidad de los cristianos del Movimiento de los Focolares.  Foto: <em>El Metropolita Gennadios Zervos y Gabriella Fallacara en la 59\u00b0 Semana ecum\u00e9nica promovida por el Centro \u00abUno\u00bb, Castel Gandolfo (Italia), 13 de mayo de 2017<\/em><b>. <\/b><\/p>\n","protected":false},"excerpt":{"rendered":"<p>Una larga y profunda amistad uni\u00f3 al Metropolita recientemente fallecido al Movimiento de los Focolares. El recuerdo de Gabriella Fallacara, focolarina, especialista en ecumenismo, quien por muchos a\u00f1os fue la responsable del Centro \u201cUno\u201d por la unidad de los cristianos del Movimiento de los Focolares.<\/p>\n","protected":false},"author":33,"featured_media":0,"comment_status":"open","ping_status":"open","sticky":false,"template":"","format":"standard","meta":{"give_campaign_id":0,"_seopress_robots_primary_cat":"","_seopress_titles_title":"","_seopress_titles_desc":"","_seopress_robots_index":"","_et_pb_use_builder":"","_et_pb_old_content":"","_et_gb_content_width":"","footnotes":""},"categories":[46],"tags":[],"class_list":["post-311038","post","type-post","status-publish","format-standard","hentry","category-sin-categorizar"],"_links":{"self":[{"href":"https:\/\/www.focolare.org\/es\/wp-json\/wp\/v2\/posts\/311038","targetHints":{"allow":["GET"]}}],"collection":[{"href":"https:\/\/www.focolare.org\/es\/wp-json\/wp\/v2\/posts"}],"about":[{"href":"https:\/\/www.focolare.org\/es\/wp-json\/wp\/v2\/types\/post"}],"author":[{"embeddable":true,"href":"https:\/\/www.focolare.org\/es\/wp-json\/wp\/v2\/users\/33"}],"replies":[{"embeddable":true,"href":"https:\/\/www.focolare.org\/es\/wp-json\/wp\/v2\/comments?post=311038"}],"version-history":[{"count":0,"href":"https:\/\/www.focolare.org\/es\/wp-json\/wp\/v2\/posts\/311038\/revisions"}],"wp:attachment":[{"href":"https:\/\/www.focolare.org\/es\/wp-json\/wp\/v2\/media?parent=311038"}],"wp:term":[{"taxonomy":"category","embeddable":true,"href":"https:\/\/www.focolare.org\/es\/wp-json\/wp\/v2\/categories?post=311038"},{"taxonomy":"post_tag","embeddable":true,"href":"https:\/\/www.focolare.org\/es\/wp-json\/wp\/v2\/tags?post=311038"}],"curies":[{"name":"wp","href":"https:\/\/api.w.org\/{rel}","templated":true}]}}