{"id":311060,"date":"2020-11-18T03:00:49","date_gmt":"2020-11-18T02:00:49","guid":{"rendered":"https:\/\/www.focolare.org\/brasil-una-exposicion-sobre-chiara-lubich-a-traves-de-las-redes-sociales\/"},"modified":"2024-05-15T20:51:06","modified_gmt":"2024-05-15T18:51:06","slug":"brasil-una-exposicion-sobre-chiara-lubich-a-traves-de-las-redes-sociales","status":"publish","type":"post","link":"https:\/\/www.focolare.org\/es\/brasil-una-exposicion-sobre-chiara-lubich-a-traves-de-las-redes-sociales\/","title":{"rendered":"Brasil: una exposici\u00f3n sobre Chiara Lubich a trav\u00e9s de las redes sociales"},"content":{"rendered":"<p><em>Se hab\u00eda pensado como uno de los eventos con ocasi\u00f3n del Centenario de Chiara Lubich, pero fue suspendida por la pandemia y los fondos que se hab\u00edan recaudado fueron donados en beneficencia. Ahora llega a las redes sociales de los Focolares de Brasil con los mismos contenidos y nuevos lenguajes.\u00a0 <\/em>  Una exposici\u00f3n prevista para agosto de 2020 y que luego se hab\u00eda postergado para noviembre ha llegado ahora finalmente a las redes sociales. Un itinerario arduo el de este evento dedicado a Chiara Lubich con ocasi\u00f3n del Centenario de su nacimiento, y hoy al alcance de todos a trav\u00e9s de las redes sociales de @focolaresbrasil (<a href=\"https:\/\/www.facebook.com\/focolaresbrasil\">Facebook,<\/a> <a href=\"https:\/\/www.instagram.com\/focolaresbrasil\/\">Instagram<\/a> e <a href=\"https:\/\/www.youtube.com\/watch?v=gPRkTpv3IxE\">Youtube<\/a>): fotos, v\u00eddeos y contenidos de texto ser\u00e1n publicados durante todo el mes de noviembre de 2020. Una muestra diferente a la que estaba prevista, con un p\u00fablico ampliado gracias a la web y enriquecida con el aporte de un equipo intergeneracional. De todo ello hemos hablado con Jos\u00e9 Portella, uno de los encargados de la exposici\u00f3n.  <strong><img loading=\"lazy\" decoding=\"async\" class=\"alignright\" src=\"https:\/\/www.focolare.org\/wp-content\/uploads\/2020\/12\/Commisione-preparatoria-453x340.jpeg\" width=\"386\" height=\"290\" \/>\u00bfC\u00f3mo naci\u00f3 la idea de sustituir la exposici\u00f3n presencial con una virtual? \u00bfQui\u00e9n ha formado parte del equipo de realizaci\u00f3n y ustedes, c\u00f3mo han trabajado?<\/strong> Somos un equipo de diecis\u00e9is personas del Movimiento de los Focolares, de distintas edades y vocaciones: j\u00f3venes y adultos, voluntarios y focolarinos. \u00a0Desde el comienzo del a\u00f1o 2019 ven\u00edamos trabajando juntos para presentar en Brasil una versi\u00f3n reducida de la muestra montada en las Galer\u00edas de Trento, en Italia. Despu\u00e9s lleg\u00f3 el Covid-19. En mayo de 2020, d\u00e1ndonos cuenta de la gravedad de la situaci\u00f3n, comprendimos que pod\u00edamos \u201ccelebrar\u201d el Centenario ayudando a los necesitados afectados por la pandemia.\u00a0 De acuerdo con la gente que ya hab\u00eda colaborado econ\u00f3micamente dando donaciones para la exposici\u00f3n, dimos todo lo que ten\u00edamos a personas que pasaban dificultades. Fue en ese momento cuando supimos que la muestra de Trento se estaba preparando en su versi\u00f3n <em>online<\/em>. \u00a0Pero no era suficiente realizar una simple traducci\u00f3n para llegar a la realidad brasile\u00f1a. \u00bfPor qu\u00e9, entonces, no llevar a cabo algo virtual y espec\u00edfico para nuestro pa\u00eds?\u00a0 Con algunos expertos de las nuevas generaciones, que se unieron al equipo, nos dividimos en tres grupos para adaptar el material que nos llegaba de Trento.\u00a0 Adem\u00e1s hubo que preparar v\u00eddeos locales y evaluar las exigencias financieras. Una experiencia de unidad realizada entre generaciones. La dificultad principal fue la de mantener la narraci\u00f3n de la muestra de Trento, pero con un enfoque brasile\u00f1o y un lenguaje que se adaptase a las redes sociales.  <strong>\u00bfCu\u00e1les son las caracter\u00edsticas del recorrido que ustedes han pensado para los visitantes virtuales? <\/strong> Hay cuatro v\u00eddeos promocionales y un v\u00eddeo para el lanzamiento de la exposici\u00f3n.\u00a0 Luego se presenta a Chiara Lubich y su carisma seg\u00fan tres tem\u00e1ticas: <em>ser,<\/em> con la historia de Chiara Lubich; <em>influir,<\/em> con el testimonio de las personas que la conocieron y que viven la espiritualidad de la unidad; <em>actuar<\/em>, con todas las instancias que han nacido a trav\u00e9s de su carisma.  <strong>\u00bfQu\u00e9 tiene que decir Chiara Lubich a Brasil, seg\u00fan la opini\u00f3n de ustedes, en el particular momento de pandemia que estamos viviendo a nivel planetario?<\/strong> Chiara Lubich durante un viaje a Brasil en 1991, frente a la desigualdad que observaba, intuy\u00f3 la <a href=\"https:\/\/www.edc-online.org\/es\/\" target=\"_blank\" rel=\"noopener noreferrer\">Economia de Comuni\u00f3n<\/a> y afirm\u00f3 que el Movimiento en Brasil est\u00e1 llamado a actuar en la comuni\u00f3n de los bienes a nivel global. Hoy, en el contexto de la pandemia, encarnar este carisma significa cuidar del otro, compartir no s\u00f3lo los bienes materiales, sino tambi\u00e9n dedicar la propia vida al servicio de los dem\u00e1s, no preguntarse qui\u00e9n es mi pr\u00f3jimo, sino de qui\u00e9n yo soy pr\u00f3jimo.\u00a0 En sinton\u00eda con la Enc\u00edclica del Papa Francisco \u201cFratelli tutti\u201d estamos llamados, como pueblo, a actuar en fraternidad, seg\u00fan el ejemplo del buen samaritano. S\u00f3lo as\u00ed surgir\u00e1n hombres nuevos para construir una sociedad m\u00e1s inclusiva y fraterna. <\/p>\n<p style=\"text-align: right;\"><em>A cargo de Anna Lisa Innocenti <\/em><\/p>\n","protected":false},"excerpt":{"rendered":"<p>Se hab\u00eda pensado como uno de los eventos con ocasi\u00f3n del Centenario de Chiara Lubich, pero fue suspendida por la pandemia y los fondos que se hab\u00edan recaudado fueron donados en beneficencia. Ahora llega a las redes sociales de los Focolares de Brasil con los mismos contenidos y nuevos lenguajes.\u00a0<\/p>\n","protected":false},"author":33,"featured_media":0,"comment_status":"open","ping_status":"open","sticky":false,"template":"","format":"standard","meta":{"give_campaign_id":0,"_seopress_robots_primary_cat":"","_seopress_titles_title":"","_seopress_titles_desc":"","_seopress_robots_index":"","_et_pb_use_builder":"","_et_pb_old_content":"","_et_gb_content_width":"","footnotes":""},"categories":[46],"tags":[],"class_list":["post-311060","post","type-post","status-publish","format-standard","hentry","category-sin-categorizar"],"_links":{"self":[{"href":"https:\/\/www.focolare.org\/es\/wp-json\/wp\/v2\/posts\/311060","targetHints":{"allow":["GET"]}}],"collection":[{"href":"https:\/\/www.focolare.org\/es\/wp-json\/wp\/v2\/posts"}],"about":[{"href":"https:\/\/www.focolare.org\/es\/wp-json\/wp\/v2\/types\/post"}],"author":[{"embeddable":true,"href":"https:\/\/www.focolare.org\/es\/wp-json\/wp\/v2\/users\/33"}],"replies":[{"embeddable":true,"href":"https:\/\/www.focolare.org\/es\/wp-json\/wp\/v2\/comments?post=311060"}],"version-history":[{"count":0,"href":"https:\/\/www.focolare.org\/es\/wp-json\/wp\/v2\/posts\/311060\/revisions"}],"wp:attachment":[{"href":"https:\/\/www.focolare.org\/es\/wp-json\/wp\/v2\/media?parent=311060"}],"wp:term":[{"taxonomy":"category","embeddable":true,"href":"https:\/\/www.focolare.org\/es\/wp-json\/wp\/v2\/categories?post=311060"},{"taxonomy":"post_tag","embeddable":true,"href":"https:\/\/www.focolare.org\/es\/wp-json\/wp\/v2\/tags?post=311060"}],"curies":[{"name":"wp","href":"https:\/\/api.w.org\/{rel}","templated":true}]}}