{"id":311070,"date":"2020-11-26T12:20:45","date_gmt":"2020-11-26T11:20:45","guid":{"rendered":"https:\/\/www.focolare.org\/premio-internacional-a-los-focolares-por-el-compromiso-medioambiental\/"},"modified":"2025-08-28T12:46:41","modified_gmt":"2025-08-28T10:46:41","slug":"premio-internacional-a-los-focolares-por-el-compromiso-medioambiental","status":"publish","type":"post","link":"https:\/\/www.focolare.org\/es\/premio-internacional-a-los-focolares-por-el-compromiso-medioambiental\/","title":{"rendered":"Premio internacional a los Focolares por el compromiso medioambiental"},"content":{"rendered":"<p><em>El Movimiento de los Focolares ha recibido el premio internacional \u201cYo hago mi parte\u201d de la Academia Kronos por su compromiso con el planeta a trav\u00e9s de EcoOne, la iniciativa medioambiental de los Focolares. Entre los premiados de esta edici\u00f3n 2020, el papa Francisco y, p\u00f3stumo, el explorador y antrop\u00f3logo noruego, Thor Heyerdahl.<\/em> <img alt=\"\" alt=\"\" loading=\"lazy\" decoding=\"async\" class=\"wp-image-238063 alignright\" src=\"https:\/\/www.focolare.org\/wp-content\/uploads\/2020\/11\/CM__3385-510x340.jpeg\" alt=\"\" width=\"384\" height=\"256\" \/>Una antigua f\u00e1bula africana dice que durante un incendio forestal un colibr\u00ed, el m\u00e1s peque\u00f1o de los p\u00e1jaros, vol\u00f3 hacia el fuego mientras todos los animales hu\u00edan. Cuando el le\u00f3n le pregunt\u00f3 qu\u00e9 estaba haciendo, el colibr\u00ed, mostrando una gota de agua en su pico, respondi\u00f3: \u201c\u00a1Estoy haciendo mi parte!\u201d. De esta narraci\u00f3n ha tomado el nombre el premio internacional, ahora en su cuarta edici\u00f3n, que la Academia Kronos asigna cada a\u00f1o a personas, organizaciones y naciones que han demostrado que \u201chan hecho su parte\u201d para proteger el medio ambiente y el clima. Entre los ocho ganadores de este a\u00f1o tambi\u00e9n se encuentra <em>EcoOne<\/em>, la iniciativa internacional del Movimiento de los Focolares, impulsada por una red de docentes, acad\u00e9micos, investigadores y profesionales que trabajan en ciencias ambientales y se esfuerzan por enriquecer su conocimiento cient\u00edfico con una lectura humanista profunda de los problemas ecol\u00f3gicos contempor\u00e1neos (<a href=\"http:\/\/www.ecoone.org\/\"><strong>www.ecoone.org<\/strong><\/a>) <img alt=\"\" alt=\"\" loading=\"lazy\" decoding=\"async\" class=\"wp-image-238064 alignleft\" src=\"https:\/\/www.focolare.org\/wp-content\/uploads\/2020\/11\/CM__3373-510x340.jpeg\" alt=\"\" width=\"410\" height=\"273\" \/>Debido a la pandemia no fue posible entregar los premios, como se esperaba, en la Sala de la Protomoteca del Capitolio en Roma (Italia). La entrega al Movimiento de los Focolares tuvo lugar ayer, jueves 26 de noviembre de 2020, en la sede internacional de los Focolares en Rocca di Papa (Roma-Italia) por Vincenzo Avalle, miembro de la junta nacional de la Academia Kronos, acompa\u00f1ado por Armando Bruni, coordinador del Centro Italia de la Academia y tres guardias ambientales. En nombre del Movimiento de los Focolares, el profesor Luca Fiorani, presidente de <em>EcoOne<\/em>, recogi\u00f3 la escultura de un colibr\u00ed, realizada con material met\u00e1lico reciclado del artista Renato Mancini, y el diploma del premio. \u201cEste premio quiere dar un est\u00edmulo, una motivaci\u00f3n a todos aquellos que est\u00e1n comprometidos con la protecci\u00f3n del medio ambiente \u2013 explic\u00f3 Vincenzo Avalle \u2013 Me ha impactado la actividad del Movimiento de los Focolares por el medio ambiente como se expresa en <em>EcoOne<\/em>, apoyado por la ciencia y la interacci\u00f3n con la pol\u00edtica\u201d. <img alt=\"\" alt=\"\" loading=\"lazy\" decoding=\"async\" class=\"wp-image-238062 alignright\" src=\"https:\/\/www.focolare.org\/wp-content\/uploads\/2020\/11\/CM__3386-510x340.jpeg\" alt=\"\" width=\"391\" height=\"261\" \/>\u201cVeo una gran sinergia entre nosotros, la Academia Kronos y el Movimiento de los Focolares\/EcoOne \u2013 ha explicado Fiorani al recibir el premio \u2013 porque somos complementarios: Kronos nace de la acci\u00f3n, EcoOne nace de la reflexi\u00f3n. Nos necesitamos el uno al otro. Como Movimiento de los Focolares, podemos contribuir en varios \u00e1mbitos de estudio cultural. Destacar la econom\u00eda y la pol\u00edtica, determinantes para el medio ambiente. Y tambi\u00e9n podemos ofrecer nuestra dimensi\u00f3n internacional\u201d. \u201cVeo \u2013 a\u00f1adi\u00f3 \u2013 una posibilidad de colaboraci\u00f3n, de sinergia muy fuerte. Hay una galaxia de entidades que trabajan por el medio ambiente. Creo que ha llegado el momento de que todas estas organizaciones colaboren\u201d. La Academia Kronos (<a href=\"https:\/\/accademiakronos.it-html.com\/\" target=\"_blank\" rel=\"noopener\">https:\/\/accademiakronos.it-html.com\/<\/a>) es la continuaci\u00f3n y heredera espiritual de una de las primeras organizaciones ambientales, \u201cKronos 1991\u201d. Con cerca de 10.000 miembros en Italia y sedes y referentes internacionales, est\u00e1 comprometida con la protecci\u00f3n del medio ambiente y la calidad de vida. En colaboraci\u00f3n con Institutos cient\u00edficos y Universidades, Kronos ofrece un curso de grado en \u201cEducador y divulgador ambiental\u201d y dos maestr\u00edas universitarias en \u201cSalud y medio ambiente\u201d y apoya un organismo supervisor de prevenci\u00f3n e informaci\u00f3n ambiental. Pero, sobre todo, invita a personas de todo el mundo a \u201chacer su parte\u201d para proteger el medio ambiente.<\/p>\n<p style=\"text-align: right;\"><em>Joachim Schwind<\/em><\/p>\n","protected":false},"excerpt":{"rendered":"<p>El Movimiento de los Focolares ha recibido el premio internacional \u201cYo hago mi parte\u201d de la Academia Kronos por su compromiso con el planeta a trav\u00e9s de EcoOne, la iniciativa medioambiental de los Focolares. Entre los premiados de esta edici\u00f3n 2020, el papa Francisco y, p\u00f3stumo, el explorador y antrop\u00f3logo noruego, Thor Heyerdahl.<\/p>\n","protected":false},"author":33,"featured_media":0,"comment_status":"open","ping_status":"open","sticky":false,"template":"","format":"standard","meta":{"give_campaign_id":0,"_seopress_robots_primary_cat":"","_seopress_titles_title":"","_seopress_titles_desc":"","_seopress_robots_index":"","_et_pb_use_builder":"","_et_pb_old_content":"","_et_gb_content_width":"","footnotes":""},"categories":[3085,46],"tags":[3011,3199],"class_list":["post-311070","post","type-post","status-publish","format-standard","hentry","category-centro-internazionale-4","category-sin-categorizar","tag-movimento-dei-focolari-4","tag-ppg-es"],"_links":{"self":[{"href":"https:\/\/www.focolare.org\/es\/wp-json\/wp\/v2\/posts\/311070","targetHints":{"allow":["GET"]}}],"collection":[{"href":"https:\/\/www.focolare.org\/es\/wp-json\/wp\/v2\/posts"}],"about":[{"href":"https:\/\/www.focolare.org\/es\/wp-json\/wp\/v2\/types\/post"}],"author":[{"embeddable":true,"href":"https:\/\/www.focolare.org\/es\/wp-json\/wp\/v2\/users\/33"}],"replies":[{"embeddable":true,"href":"https:\/\/www.focolare.org\/es\/wp-json\/wp\/v2\/comments?post=311070"}],"version-history":[{"count":1,"href":"https:\/\/www.focolare.org\/es\/wp-json\/wp\/v2\/posts\/311070\/revisions"}],"predecessor-version":[{"id":386936,"href":"https:\/\/www.focolare.org\/es\/wp-json\/wp\/v2\/posts\/311070\/revisions\/386936"}],"wp:attachment":[{"href":"https:\/\/www.focolare.org\/es\/wp-json\/wp\/v2\/media?parent=311070"}],"wp:term":[{"taxonomy":"category","embeddable":true,"href":"https:\/\/www.focolare.org\/es\/wp-json\/wp\/v2\/categories?post=311070"},{"taxonomy":"post_tag","embeddable":true,"href":"https:\/\/www.focolare.org\/es\/wp-json\/wp\/v2\/tags?post=311070"}],"curies":[{"name":"wp","href":"https:\/\/api.w.org\/{rel}","templated":true}]}}