{"id":311080,"date":"2020-12-04T03:00:16","date_gmt":"2020-12-04T02:00:16","guid":{"rendered":"https:\/\/www.focolare.org\/mozambique-concluye-la-reconstruccion-de-la-fazenda-de-la-esperanza\/"},"modified":"2024-05-15T20:51:10","modified_gmt":"2024-05-15T18:51:10","slug":"mozambique-concluye-la-reconstruccion-de-la-fazenda-de-la-esperanza","status":"publish","type":"post","link":"https:\/\/www.focolare.org\/es\/mozambique-concluye-la-reconstruccion-de-la-fazenda-de-la-esperanza\/","title":{"rendered":"Mozambique: concluye la reconstrucci\u00f3n de la Fazenda de la Esperanza"},"content":{"rendered":"<p><em>Destruida por el aluvi\u00f3n del 2019 ha sido reconstruida gracias al aporte de la Coordinaci\u00f3n de Emergencias, la Asociaci\u00f3n Familias Nuevas y Acci\u00f3n Mundo Unido del Movimiento de los Focolares.<\/em>  <em><img alt=\"\" alt=\"\" loading=\"lazy\" decoding=\"async\" class=\"wp-image-238265 alignright\" src=\"https:\/\/www.focolare.org\/wp-content\/uploads\/2020\/12\/33798084348_eb41313226_o-453x340.jpg\" alt=\"\" width=\"390\" height=\"293\" \/>\u201cLa experiencia despu\u00e9s de la tragedia fue dura, pero nos ha acompa\u00f1ado la certeza que todo sucedi\u00f3 para dar nueva vida a estos lugares y a esta comunidad\u201d. <\/em>Ildo Foppa, voluntario del Movimiento de los Focolares, responsable de la misi\u00f3n de la <em>Fazenda de la Esperanza<\/em> de Dombe, en Mozambique, habla del aluvi\u00f3n que afect\u00f3 al pa\u00eds en marzo de 2019 y de los frutos preciosos nacidos del compromiso conjunto por la reconstrucci\u00f3n.  \u201cSe ha vuelto cada vez m\u00e1s fuerte la relaci\u00f3n con la Iglesia local, con el obispo y con los sacerdotes, con las organizaciones que llegaron para ofrecer una ayuda y con toda la comunidad del territorio. Hemos encontrado a muchas personas y recibido muchas promesas de ayuda\u201d. De la devastaci\u00f3n a la necesidad de reconstruir naci\u00f3 la oportunidad de crear trabajo para muchos: \u201chemos dado vida a cooperativas compuestas por diez familias cada una, as\u00ed para muchos ha sido posible volver a empezar viviendo del propio trabajo y pudiendo as\u00ed volver a empezar a construir su propio futuro\u201d.  Casi dos a\u00f1os despu\u00e9s del aluvi\u00f3n, la intervenci\u00f3n de reconstrucci\u00f3n \u2013de la que han formado parte junto a la Fazenda y la Coordinaci\u00f3n de Emergencias, la Asociaci\u00f3n Familias Nuevas y Acci\u00f3n Mundo Unido del Movimiento de los Focolares \u2013 se lograron reparar la guarder\u00eda, el hospital, cuatro casas de acogida, la escuela secundaria y la Iglesia. Fueron reconstruidos alojamientos y servicios higi\u00e9nicos, se prepar\u00f3 un galp\u00f3n para la construcci\u00f3n de bloques de cemento que servir\u00e1n para la construcci\u00f3n de las casas definitivas para las familias.  <img alt=\"\" alt=\"\" loading=\"lazy\" decoding=\"async\" class=\"wp-image-238264 alignleft\" src=\"https:\/\/www.focolare.org\/wp-content\/uploads\/2020\/12\/Mozambico-2-516x340.png\" alt=\"\" width=\"423\" height=\"279\" \/>En la primera fase de la emergencia se distribuyeron raciones de alimentos a las personas que hab\u00edan perdido sus casas y se construyeron 550 barracas con letrinas provisionales para las familias damnificadas. Posteriormente se realiz\u00f3 un programa de apoyo para la creaci\u00f3n de un fondo de renta y apoyo a la poblaci\u00f3n. En especial, 150 familias recibieron ayuda directa para la reparaci\u00f3n de sus casas y para comprar semilla, abono y gasolina para los tractores y asi reiniciar y mejorar la producci\u00f3n agr\u00edcola. Fue construida una carpinter\u00eda para ofrecer formaci\u00f3n y trabajo a m\u00e1s de 60 j\u00f3venes hu\u00e9spedes de la Fazenda, se construy\u00f3 un molino que est\u00e1 al servicio de alrededor de 330 familias. Las intervenciones se han concluido en los \u00faltimos meses a pesar de que tambi\u00e9n Mozambique ha sufrido mucho por la difusi\u00f3n del contagio del Covid-19.  En este link de <a href=\"https:\/\/www.amu-it.eu\/category\/em-mozambico\/\">Amu<\/a> y <a href=\"https:\/\/www.afnonlus.org\/causes\/aiuta-il-mozambico\/\">Afn<\/a> es posible seguir la situaci\u00f3n de la regi\u00f3n. <\/p>\n<p style=\"text-align: right;\"><em>\u00a0<\/em><em>Claudia Di Lorenzi<\/em><\/p>\n<p> <em>Si desea hacer su contribuci\u00f3n para ayudar a los que sufren los efectos de la crisis mundial de Covid,<a href=\"https:\/\/www.focolare.org\/es\/covid\/\" target=\"_blank\" rel=\"noopener noreferrer\"> vaya a este enlace<\/a><\/em><\/p>\n","protected":false},"excerpt":{"rendered":"<p>Destruida por el aluvi\u00f3n del 2019 ha sido reconstruida gracias al aporte de la Coordinaci\u00f3n de Emergencias, la Asociaci\u00f3n Familias Nuevas y Acci\u00f3n Mundo Unido del Movimiento de los Focolares.<\/p>\n","protected":false},"author":33,"featured_media":0,"comment_status":"open","ping_status":"open","sticky":false,"template":"","format":"standard","meta":{"give_campaign_id":0,"_seopress_robots_primary_cat":"","_seopress_titles_title":"","_seopress_titles_desc":"","_seopress_robots_index":"","_et_pb_use_builder":"","_et_pb_old_content":"","_et_gb_content_width":"","footnotes":""},"categories":[46],"tags":[],"class_list":["post-311080","post","type-post","status-publish","format-standard","hentry","category-sin-categorizar"],"_links":{"self":[{"href":"https:\/\/www.focolare.org\/es\/wp-json\/wp\/v2\/posts\/311080","targetHints":{"allow":["GET"]}}],"collection":[{"href":"https:\/\/www.focolare.org\/es\/wp-json\/wp\/v2\/posts"}],"about":[{"href":"https:\/\/www.focolare.org\/es\/wp-json\/wp\/v2\/types\/post"}],"author":[{"embeddable":true,"href":"https:\/\/www.focolare.org\/es\/wp-json\/wp\/v2\/users\/33"}],"replies":[{"embeddable":true,"href":"https:\/\/www.focolare.org\/es\/wp-json\/wp\/v2\/comments?post=311080"}],"version-history":[{"count":0,"href":"https:\/\/www.focolare.org\/es\/wp-json\/wp\/v2\/posts\/311080\/revisions"}],"wp:attachment":[{"href":"https:\/\/www.focolare.org\/es\/wp-json\/wp\/v2\/media?parent=311080"}],"wp:term":[{"taxonomy":"category","embeddable":true,"href":"https:\/\/www.focolare.org\/es\/wp-json\/wp\/v2\/categories?post=311080"},{"taxonomy":"post_tag","embeddable":true,"href":"https:\/\/www.focolare.org\/es\/wp-json\/wp\/v2\/tags?post=311080"}],"curies":[{"name":"wp","href":"https:\/\/api.w.org\/{rel}","templated":true}]}}