{"id":311082,"date":"2020-12-05T03:00:40","date_gmt":"2020-12-05T02:00:40","guid":{"rendered":"https:\/\/www.focolare.org\/migrantes-en-sudamerica-una-historia-que-vivimos-hoy\/"},"modified":"2024-05-15T20:51:10","modified_gmt":"2024-05-15T18:51:10","slug":"migrantes-en-sudamerica-una-historia-que-vivimos-hoy","status":"publish","type":"post","link":"https:\/\/www.focolare.org\/es\/migrantes-en-sudamerica-una-historia-que-vivimos-hoy\/","title":{"rendered":"Migrantes en sudamerica: una historia que vivimos hoy"},"content":{"rendered":"<p><em>La ayuda de las Comunidades de los Focolares en los pa\u00edses latinoamericanos: gestos concretos para poder ser \u201chermanos todos\u201d, as\u00ed como pide el Papa Francisco en la \u00faltima enc\u00edclica.<\/em>  <img alt=\"\" alt=\"\" loading=\"lazy\" decoding=\"async\" class=\"wp-image-238269 alignright\" src=\"https:\/\/www.focolare.org\/wp-content\/uploads\/2020\/12\/WhatsApp-Image-2020-08-02-at-11.47.30-PM-455x340.jpeg\" alt=\"\" width=\"341\" height=\"255\" \/>En Per\u00fa y en los dem\u00e1s pa\u00edses latinoamericanos se asiste a la continua llegada de migrantes, sobre todo venezolanos, pero tambi\u00e9n cubanos, centroamericanos, haitianos, \u00e1rabes. Las comunidades de los Focolares todos los d\u00edas se esfuerzan por ayudarlos.  \u201cNuestra aventura en el <strong>Per\u00fa <\/strong>empez\u00f3 pocos d\u00edas antes de la Navidad de 2017 \u2013cuenta Silvano Roggero, focolarino que vive en Per\u00fa\u2013. En esa ocasi\u00f3n, invitamos a almorzar a nuestra casa a algunos venezolanos que hab\u00edamos conocido.\u00a0 Al principio eran cinco, despu\u00e9s tuvimos que trasladarnos al Centro \u201cJuan Carlos Duque\u201d porque los invitados llegaron a ser unos 120.  Recuerdo el encuentro de Geno con Karlin y sus tres hijos peque\u00f1os. \u00a0Acurrucada en la acera, vend\u00eda caramelos. Geno tuvo la sensaci\u00f3n de o\u00edr una voz que le dec\u00eda: \u201c\u00a1<em>es Jes\u00fas<\/em>!\u201d. \u00a0Volvi\u00f3 para atr\u00e1s, le compr\u00f3 algunos caramelos y la invit\u00f3 a almorzar. \u00a0Ese domingo lleg\u00f3 con sus tres hijos y trajo tambi\u00e9n a su hermana con los tres ni\u00f1os\u201d.  <strong>En Colombia<\/strong>, cerca de Bogot\u00e1, Alba, una migrante llegada de Venezuela en 2014, pas\u00f3 a ser una referente para los \u201cCaminantes\u201d (los que emigran), \u00a0que pasan todos los d\u00edas.  Un d\u00eda, antes de que ella hubiera almorzado a\u00fan, pas\u00f3 una mujer embarazada con su compa\u00f1ero, en busca de atenci\u00f3n m\u00e9dica. En el dispensario hab\u00eda una enfermera muy atenta y amable que pudo ayudarlos. A pesar del fr\u00edo, el hambre, la preocupaci\u00f3n por haber dejado a sus colegas voluntarios solos y de que sus hijos tambi\u00e9n estuvieran solos en casa, sin comida, Alba se qued\u00f3 a esperarlos.\u00a0 Cuando concluy\u00f3 la consulta, acompa\u00f1\u00f3 a los dos j\u00f3venes padres, y \u00bfqu\u00e9 sucedi\u00f3? Los Caminantes sabiendo lo que Alba hab\u00eda hecho por ellos, juntaron un poco de dinero para comprar algunas docenas de huevos para ella, sus hijos y los compa\u00f1eros de trabajo. Era el c\u00e9ntuplo realmente.\u00a0 \u00bfDe qui\u00e9n llegaba ese c\u00e9ntuoplo? Justamente de quienes m\u00e1s necesitados estaban.  <img alt=\"\" alt=\"\" loading=\"lazy\" decoding=\"async\" class=\" wp-image-238270 alignleft\" src=\"https:\/\/www.focolare.org\/wp-content\/uploads\/2020\/12\/WhatsApp-Image-2020-08-02-at-11.44.37-PM-453x340.jpeg\" alt=\"\" width=\"346\" height=\"260\" \/>Concluyendo el a\u00f1o 2018 la comunidad de los Focolares de <strong>Ciudad de M\u00e9xico<\/strong> se uni\u00f3 a la \u201cbienvenida humanitaria\u201d de las caravanas de migrantes. \u00a0Una asociaci\u00f3n civil que se inspira en el carisma de los Focolares dio su aporte t\u00e9cnico y su colaboraci\u00f3n en la coordinaci\u00f3n con las autoridades. Se activ\u00f3 un canal para facilitar la llegada de alimentos, ropa, productos para la higiene personal y varias decenas de mantas.\u00a0 Es posible imaginarse la gratitud de los migrantes.  <strong>Brasil <\/strong>tambi\u00e9n dio la bienvenida a los migrantes. \u201cLa multiplicaci\u00f3n de las donaciones nos sorprende \u2013nos cuentan los de la Comunidad local\u2013.\u00a0 Pedimos una estufa, y de golpe recibmos mucho m\u00e1s. Alguien pidi\u00f3 un lavabo y al d\u00eda siguiente una persona que no conoc\u00edamos don\u00f3 cinco lavabos.  Un d\u00eda un amigo fue a comprar algo para regalarnos.\u00a0 Le explic\u00f3 al vendedor los motivos de la compra y, como conclusi\u00f3n, para su sorpresa, recibi\u00f3 un descuento y adem\u00e1s el env\u00edo gratuito.\u00a0 En otra ocasi\u00f3n una persona que no conoc\u00edamos nos dijo: \u201cvoy a hacer un evento y encargar\u00e9 comida para ustedes, para que llegue a quien lo necesita\u201d. <\/p>\n<p style=\"text-align: right;\"><em>Lorenzo Russo<\/em><\/p>\n","protected":false},"excerpt":{"rendered":"<p>La ayuda de las Comunidades de los Focolares en los pa\u00edses latinoamericanos: gestos concretos para poder ser \u201chermanos todos\u201d, as\u00ed como pide el Papa Francisco en la \u00faltima enc\u00edclica.<\/p>\n","protected":false},"author":33,"featured_media":0,"comment_status":"open","ping_status":"open","sticky":false,"template":"","format":"standard","meta":{"give_campaign_id":0,"_seopress_robots_primary_cat":"","_seopress_titles_title":"","_seopress_titles_desc":"","_seopress_robots_index":"","_et_pb_use_builder":"","_et_pb_old_content":"","_et_gb_content_width":"","footnotes":""},"categories":[46],"tags":[],"class_list":["post-311082","post","type-post","status-publish","format-standard","hentry","category-sin-categorizar"],"_links":{"self":[{"href":"https:\/\/www.focolare.org\/es\/wp-json\/wp\/v2\/posts\/311082","targetHints":{"allow":["GET"]}}],"collection":[{"href":"https:\/\/www.focolare.org\/es\/wp-json\/wp\/v2\/posts"}],"about":[{"href":"https:\/\/www.focolare.org\/es\/wp-json\/wp\/v2\/types\/post"}],"author":[{"embeddable":true,"href":"https:\/\/www.focolare.org\/es\/wp-json\/wp\/v2\/users\/33"}],"replies":[{"embeddable":true,"href":"https:\/\/www.focolare.org\/es\/wp-json\/wp\/v2\/comments?post=311082"}],"version-history":[{"count":0,"href":"https:\/\/www.focolare.org\/es\/wp-json\/wp\/v2\/posts\/311082\/revisions"}],"wp:attachment":[{"href":"https:\/\/www.focolare.org\/es\/wp-json\/wp\/v2\/media?parent=311082"}],"wp:term":[{"taxonomy":"category","embeddable":true,"href":"https:\/\/www.focolare.org\/es\/wp-json\/wp\/v2\/categories?post=311082"},{"taxonomy":"post_tag","embeddable":true,"href":"https:\/\/www.focolare.org\/es\/wp-json\/wp\/v2\/tags?post=311082"}],"curies":[{"name":"wp","href":"https:\/\/api.w.org\/{rel}","templated":true}]}}