{"id":311092,"date":"2020-12-11T03:00:02","date_gmt":"2020-12-11T02:00:02","guid":{"rendered":"https:\/\/www.focolare.org\/dar-la-vuelta-cambiar-de-rumbo-para-salvar-la-tierra\/"},"modified":"2024-05-15T20:51:11","modified_gmt":"2024-05-15T18:51:11","slug":"dar-la-vuelta-cambiar-de-rumbo-para-salvar-la-tierra","status":"publish","type":"post","link":"https:\/\/www.focolare.org\/es\/dar-la-vuelta-cambiar-de-rumbo-para-salvar-la-tierra\/","title":{"rendered":"Dar la vuelta: cambiar de rumbo para salvar la tierra"},"content":{"rendered":"<p><em>El nuevo single del Gen Verde a favor de una acci\u00f3n concreta y colectiva para proteger la creaci\u00f3n<\/em>  La intenci\u00f3n con la que naci\u00f3 <em>Turn Around<\/em>, el nuevo single del Gen Verde, es reflejar y estimular acciones concretas destinadas a salvaguardar la tierra inspir\u00e1ndose en la contemplaci\u00f3n de su belleza.  <img loading=\"lazy\" decoding=\"async\" class=\"alignright\" src=\"https:\/\/www.focolare.org\/wp-content\/uploads\/2020\/12\/Gen-Verde-Turn-Around4-632x340.png\" width=\"380\" height=\"204\" \/>Una canci\u00f3n que es a la vez oraci\u00f3n y grito coral, reflexi\u00f3n y acci\u00f3n y que infunde esperanza y deseo de cambio. Del discurso en la ONU de la joven <strong>Greta Thunberg<\/strong> hasta las palabras del <strong>papa Francisco<\/strong> en la <em>Laudato Si,<\/em> del astronauta <strong>James Buchli<\/strong> a <strong>Chiara Lubich<\/strong>&#8230; estos son los principales inspiradores de la nueva canci\u00f3n escrita por Nancy Uelmen que habla abiertamente sobre los problemas clim\u00e1ticos y pide un cambio de rumbo dando voz a las peticiones de los m\u00e1s j\u00f3venes: \u201cMe impresiona mucho ver a estos j\u00f3venes intentando hacer algo porque su futuro est\u00e1 en riesgo; con el Gen Verde nos preguntamos qu\u00e9 hacer y, como nos encanta expresarnos con la m\u00fasica, pensamos en una canci\u00f3n que muestre la belleza de nuestra tierra, que ponga en el centro de nuestra atenci\u00f3n el regalo que recibimos con la Creaci\u00f3n para luego protegerla y custodiarla juntos\u201d.  Palabras a\u00fan m\u00e1s intensas cuando a cantarlas, en el coro, son j\u00f3venes de diferentes partes del mundo: desde los Estados Unidos de Am\u00e9rica a la India, desde Irlanda a Nigeria, Nueva Caledonia y muchos otros pa\u00edses. \u201cFue una experiencia fuerte &#8211; dice <strong>Colomba<\/strong> &#8211; cuando, a pesar de la pandemia y la imposibilidad de encontrarnos f\u00edsicamente en un estudio de grabaci\u00f3n, pedimos a muchos j\u00f3venes que nos ayudaran a grabar su contribuci\u00f3n para esta canci\u00f3n. Cuando juntamos las distintas voces quedamos profundamente conmovidos porque esta canci\u00f3n ya lleva consigo la fuerza renovadora de un grupo que quiere revertir esta tendencia negativa y la ha vivido aunque sea a distancia\u201d.  Y esta vez la canci\u00f3n, aunque mantiene un estilo cautivador especialmente para un p\u00fablico joven, contiene en s\u00ed una oraci\u00f3n real: \u201cNos dirigimos al \u201cEsp\u00edritu Creador\u201d (que recuerda al \u201cVeni Creator\u201d de la Schola Gregoriana) &#8211; contin\u00faa <strong>Nancy<\/strong> &#8211; porque sentimos la necesidad de la ayuda de Dios para tener la luz para entender c\u00f3mo sanar nuestra casa com\u00fan y, sobre todo, cambiar nuestro coraz\u00f3n&#8230; se trata de realizar una conversi\u00f3n que no es s\u00f3lo m\u00eda o de algunos, sino de toda la comunidad\u201d.  Y por supuesto, como suele ocurrir en los textos de Gen Verde, hay una infusi\u00f3n de esperanza, una fe ardiente en la fuerza del compromiso de muchos por salvaguardar el bien com\u00fan.  Esta canci\u00f3n, del g\u00e9nero pop electr\u00f3nico, que mantiene elementos de continuidad con las \u00faltimas opciones discogr\u00e1ficas del grupo musical Gen Verde, en algunos momentos se desv\u00eda levemente en la sonoridad para poner el acento en una reflexi\u00f3n personal y colectiva e invitar claramente al compromiso de salvar la tierra.  Un fuerte compromiso y por ello el nuevo videoclip <em>Turn Around<\/em> se lanz\u00f3 en directo por primera vez durante el encuentro internacional <strong>The Economy of Francesco<\/strong>. Link <a href=\"https:\/\/www.youtube.com\/watch?v=vKGyU_gxbEU\" target=\"_blank\" rel=\"noopener\">YouTube Turn Around<\/a> <\/p>\n<p style=\"text-align: right;\"><em>Tiziana Nicastro<\/em><\/p>\n","protected":false},"excerpt":{"rendered":"<p>El nuevo single del Gen Verde a favor de una acci\u00f3n concreta y colectiva para proteger la creaci\u00f3n<\/p>\n","protected":false},"author":33,"featured_media":0,"comment_status":"open","ping_status":"open","sticky":false,"template":"","format":"standard","meta":{"give_campaign_id":0,"_seopress_robots_primary_cat":"","_seopress_titles_title":"","_seopress_titles_desc":"","_seopress_robots_index":"","_et_pb_use_builder":"","_et_pb_old_content":"","_et_gb_content_width":"","footnotes":""},"categories":[46],"tags":[],"class_list":["post-311092","post","type-post","status-publish","format-standard","hentry","category-sin-categorizar"],"_links":{"self":[{"href":"https:\/\/www.focolare.org\/es\/wp-json\/wp\/v2\/posts\/311092","targetHints":{"allow":["GET"]}}],"collection":[{"href":"https:\/\/www.focolare.org\/es\/wp-json\/wp\/v2\/posts"}],"about":[{"href":"https:\/\/www.focolare.org\/es\/wp-json\/wp\/v2\/types\/post"}],"author":[{"embeddable":true,"href":"https:\/\/www.focolare.org\/es\/wp-json\/wp\/v2\/users\/33"}],"replies":[{"embeddable":true,"href":"https:\/\/www.focolare.org\/es\/wp-json\/wp\/v2\/comments?post=311092"}],"version-history":[{"count":0,"href":"https:\/\/www.focolare.org\/es\/wp-json\/wp\/v2\/posts\/311092\/revisions"}],"wp:attachment":[{"href":"https:\/\/www.focolare.org\/es\/wp-json\/wp\/v2\/media?parent=311092"}],"wp:term":[{"taxonomy":"category","embeddable":true,"href":"https:\/\/www.focolare.org\/es\/wp-json\/wp\/v2\/categories?post=311092"},{"taxonomy":"post_tag","embeddable":true,"href":"https:\/\/www.focolare.org\/es\/wp-json\/wp\/v2\/tags?post=311092"}],"curies":[{"name":"wp","href":"https:\/\/api.w.org\/{rel}","templated":true}]}}